{"id":154020,"date":"2025-12-10T09:16:21","date_gmt":"2025-12-10T04:16:21","guid":{"rendered":"https:\/\/zamanturkmenistan.com.tm\/?p=154020"},"modified":"2025-12-10T09:16:21","modified_gmt":"2025-12-10T04:16:21","slug":"halkara-parahatcylyk-guni-2","status":"publish","type":"post","link":"https:\/\/zamanturkmenistan.com.tm\/?p=154020","title":{"rendered":"Hal\u00adka\u00adra pa\u00adra\u00adhat\u00ad\u00e7y\u00adlyk g\u00fc\u00adni"},"content":{"rendered":"<p>Her \u00fdy\u00adly\u0148 21-nji sent\u00ad\u00fdab\u00adryn\u00adda Hal\u00adka\u00adra pa\u00adra\u00adhat\u00ad\u00e7y\u00adlyk g\u00fc\u00adni bel\u00adle\u00adni\u00adlip ge\u00ad\u00e7il\u00ad\u00fd\u00e4r. Hal\u00adka\u00adra pa\u00adra\u00adhat\u00ad\u00e7y\u00adlyk g\u00fc\u00adni 1981-nji \u00fdyl\u00adda Bir\u00adle\u00ad\u015fen Mil\u00adlet\u00adler Gu\u00adra\u00adma\u00adsy\u00adny\u0148 Ba\u015f As\u00adsamb\u00adle\u00ad\u00fda\u00adsy ta\u00adra\u00adpyn\u00addan d\u00f6\u00adre\u00addil\u00ad\u00fd\u00e4r. 2001-nji \u00fdyl\u00addan hal\u00adka\u00adra de\u00adre\u00adje\u00adsin\u00adde b\u00fc\u00adtin d\u00fcn\u00ad\u00fd\u00e4\u00adde bel\u00adle\u00adni\u00adlip ba\u015f\u00adla\u00adnan bu se\u00adn\u00e4\u00adni\u0148 esa\u00adsy mak\u00adsa\u00addy adam hu\u00adkuk\u00adla\u00adry\u00adny go\u00adra\u00admakdan, zor\u00adluk\u00adla\u00adry \u00fda\u00adtyr\u00admakdan we d\u00fcn\u00ad\u00fd\u00e4\u00adde pa\u00adra\u00adhat\u00ad\u00e7y\u00adly\u00adgy \u00fcp\u00adj\u00fcn et\u00admek\u00adden yba\u00adrat\u00addyr. Bu \u00fdyl \u00abPa\u00adra\u00adhat\u00ad\u00e7y\u00adlyk d\u00fcn\u00ad\u00fd\u00e4\u00adsi \u00fc\u00e7in h\u00e4\u00adzir he\u00adre\u00adket edi\u0148\u00bb \u015fy\u00adga\u00adry bi\u00adlen bel\u00adle\u00adni\u00adlen Hal\u00adka\u00adra pa\u00adra\u00adhat\u00ad\u00e7y\u00adlyk g\u00fc\u00adni my\u00adna\u00adsy\u00adbet\u00adli jem\u00adgy\u00ad\u00fdet\u00ad\u00e7i\u00adlik gu\u00adra\u00adma\u00adla\u00adry bi\u00adlen ama\u00adly mas\u00adla\u00adhat\u00adlar, pi\u00adkir aly\u015f\u00adma\u00adlar we okuw sa\u00adpak\u00adla\u00adry ge\u00ad\u00e7i\u00adril\u00addi. Pa\u00adra\u00adhat\u00ad\u00e7y\u00adlyk \u00fda\u00ad\u015fa\u00fd\u00ad\u015fy\u0148 we d\u00f6w\u00adle\u00adta\u00adra gat\u00adna\u00ad\u015fyk\u00adla\u00adry\u00adny\u0148 esa\u00adsy s\u00fc\u00adt\u00fcn\u00adle\u00adri\u00adni\u0148 bi\u00adri\u00addir.<\/p>\n","protected":false},"excerpt":{"rendered":"<p>Her \u00fdy\u00adly\u0148 21-nji sent\u00ad\u00fdab\u00adryn\u00adda Hal\u00adka\u00adra pa\u00adra\u00adhat\u00ad\u00e7y\u00adlyk g\u00fc\u00adni bel\u00adle\u00adni\u00adlip ge\u00ad\u00e7il\u00ad\u00fd\u00e4r. Hal\u00adka\u00adra pa\u00adra\u00adhat\u00ad\u00e7y\u00adlyk g\u00fc\u00adni 1981-nji \u00fdyl\u00adda Bir\u00adle\u00ad\u015fen Mil\u00adlet\u00adler Gu\u00adra\u00adma\u00adsy\u00adny\u0148 Ba\u015f As\u00adsamb\u00adle\u00ad\u00fda\u00adsy ta\u00adra\u00adpyn\u00addan d\u00f6\u00adre\u00addil\u00ad\u00fd\u00e4r. 2001-nji \u00fdyl\u00addan hal\u00adka\u00adra de\u00adre\u00adje\u00adsin\u00adde b\u00fc\u00adtin d\u00fcn\u00ad\u00fd\u00e4\u00adde bel\u00adle\u00adni\u00adlip ba\u015f\u00adla\u00adnan bu se\u00adn\u00e4\u00adni\u0148 esa\u00adsy mak\u00adsa\u00addy adam hu\u00adkuk\u00adla\u00adry\u00adny go\u00adra\u00admakdan, zor\u00adluk\u00adla\u00adry \u00fda\u00adtyr\u00admakdan we d\u00fcn\u00ad\u00fd\u00e4\u00adde pa\u00adra\u00adhat\u00ad\u00e7y\u00adly\u00adgy \u00fcp\u00adj\u00fcn et\u00admek\u00adden yba\u00adrat\u00addyr. Bu \u00fdyl \u00abPa\u00adra\u00adhat\u00ad\u00e7y\u00adlyk d\u00fcn\u00ad\u00fd\u00e4\u00adsi \u00fc\u00e7in h\u00e4\u00adzir he\u00adre\u00adket edi\u0148\u00bb \u015fy\u00adga\u00adry bi\u00adlen bel\u00adle\u00adni\u00adlen [&hellip;]<\/p>\n","protected":false},"author":2,"featured_media":154021,"comment_status":"open","ping_status":"closed","sticky":false,"template":"","format":"standard","meta":{"footnotes":""},"categories":[3],"tags":[],"acf":[],"_links":{"self":[{"href":"https:\/\/zamanturkmenistan.com.tm\/index.php?rest_route=\/wp\/v2\/posts\/154020"}],"collection":[{"href":"https:\/\/zamanturkmenistan.com.tm\/index.php?rest_route=\/wp\/v2\/posts"}],"about":[{"href":"https:\/\/zamanturkmenistan.com.tm\/index.php?rest_route=\/wp\/v2\/types\/post"}],"author":[{"embeddable":true,"href":"https:\/\/zamanturkmenistan.com.tm\/index.php?rest_route=\/wp\/v2\/users\/2"}],"replies":[{"embeddable":true,"href":"https:\/\/zamanturkmenistan.com.tm\/index.php?rest_route=%2Fwp%2Fv2%2Fcomments&post=154020"}],"version-history":[{"count":1,"href":"https:\/\/zamanturkmenistan.com.tm\/index.php?rest_route=\/wp\/v2\/posts\/154020\/revisions"}],"predecessor-version":[{"id":154022,"href":"https:\/\/zamanturkmenistan.com.tm\/index.php?rest_route=\/wp\/v2\/posts\/154020\/revisions\/154022"}],"wp:featuredmedia":[{"embeddable":true,"href":"https:\/\/zamanturkmenistan.com.tm\/index.php?rest_route=\/wp\/v2\/media\/154021"}],"wp:attachment":[{"href":"https:\/\/zamanturkmenistan.com.tm\/index.php?rest_route=%2Fwp%2Fv2%2Fmedia&parent=154020"}],"wp:term":[{"taxonomy":"category","embeddable":true,"href":"https:\/\/zamanturkmenistan.com.tm\/index.php?rest_route=%2Fwp%2Fv2%2Fcategories&post=154020"},{"taxonomy":"post_tag","embeddable":true,"href":"https:\/\/zamanturkmenistan.com.tm\/index.php?rest_route=%2Fwp%2Fv2%2Ftags&post=154020"}],"curies":[{"name":"wp","href":"https:\/\/api.w.org\/{rel}","templated":true}]}}