{"id":154023,"date":"2025-12-10T09:17:46","date_gmt":"2025-12-10T04:17:46","guid":{"rendered":"https:\/\/zamanturkmenistan.com.tm\/?p=154023"},"modified":"2025-12-10T09:17:46","modified_gmt":"2025-12-10T04:17:46","slug":"halkara-bitaraplyk-guni","status":"publish","type":"post","link":"https:\/\/zamanturkmenistan.com.tm\/?p=154023","title":{"rendered":"Hal\u00adka\u00adra Bi\u00adta\u00adrap\u00adlyk g\u00fc\u00adni"},"content":{"rendered":"<p>Her \u00fdy\u00adly\u0148 12-nji de\u00adkab\u00adryn\u00adda d\u00fcn\u00ad\u00fd\u00e4\u00adde pa\u00adra\u00adhat\u00ad\u00e7y\u00adly\u00adgy \u00fcp\u00adj\u00fcn et\u00admek, asu\u00adda\u00adly\u00adgy\u0148 wa\u00adjyp\u00adly\u00adgy\u00adny we \u00e4h\u00admi\u00ad\u00fde\u00adti\u00adni d\u00fc\u00ad\u015f\u00fcn\u00addir\u00admek mak\u00adsa\u00addy bi\u00adlen, Hal\u00adka\u00adra Bi\u00adta\u00adrap\u00adlyk g\u00fc\u00adni ulu\u00addan bel\u00adle\u00adnip ge\u00ad\u00e7il\u00ad\u00fd\u00e4r. 2017-nji \u00fdy\u00adly\u0148 2-nji few\u00adra\u00adlyn\u00adda T\u00fcrk\u00adme\u00adnis\u00adta\u00adny\u0148 ba\u015f\u00adlan\u00adgy\u00adjy bi\u00adlen BMG-ni\u0148 Ba\u015f As\u00adsamb\u00adle\u00ad\u00fda\u00adsy\u00adny\u0148 71-nji ses\u00adsi\u00ad\u00fda\u00adsy\u00adny\u0148 \u00e7\u00e4k\u00adle\u00adrin\u00adde 12-nji de\u00adkab\u00adry \u00abHal\u00adka\u00adra Bi\u00adta\u00adrap\u00adlyk g\u00fc\u00adni\u00bb di\u00ad\u00fdip yg\u00adlan et\u00admek ha\u00adkyn\u00adda Ka\u00adrar\u00adna\u00adma ka\u00adbul edil\u00addi.<br \/>\nHer \u00fdyl bu \u015fan\u00adly se\u00adne my\u00adna\u00adsy\u00adbet\u00adli \u00fdur\u00addu\u00admyz\u00adda we d\u00fcn\u00ad\u00fd\u00e4\u00adde hal\u00adka\u00adra fo\u00adrum\u00adlar, \u00e7\u00e4\u00adre\u00adler we pi\u00adkir aly\u015f\u00adma\u00adlar ge\u00ad\u00e7i\u00adril\u00ad\u00fd\u00e4r. T\u00fcrk\u00adme\u00adnis\u00adta\u00adny\u0148 he\u00admi\u00ad\u015fe\u00adlik Bi\u00adta\u00adrap\u00adlyk sy\u00ad\u00fda\u00adsa\u00adty hal\u00adka\u00adra pa\u00adra\u00adhat\u00ad\u00e7y\u00adly\u00adgy, howp\u00adsuz\u00adly\u00adgy we dur\u00adnuk\u00adly \u00f6s\u00fc\u00ad\u015fi \u00fcp\u00adj\u00fcn et\u00admek\u00adde m\u00f6\u00adh\u00fcm orun e\u00fde\u00adle\u00ad\u00fd\u00e4r. Hemi\u015felik Bitarap \u00fdur\u00addu\u00admy\u00adzy\u0148 d\u00fcn\u00ad\u00fd\u00e4\u00adde pa\u00adra\u00adhat\u00ad\u00e7y\u00adly\u00adgy \u00fcp\u00adj\u00fcn et\u00admek ug\u00adrun\u00adda\u00adky ta\u00adgal\u00adla\u00adla\u00adry hal\u00adka\u00adra jem\u00adgy\u00ad\u00fdet\u00ad\u00e7i\u00adli\u00adgi ta\u00adra\u00adpyn\u00addan gi\u0148 gol\u00adda\u00adwa e\u00fde bol\u00ad\u00fdar.<\/p>\n","protected":false},"excerpt":{"rendered":"<p>Her \u00fdy\u00adly\u0148 12-nji de\u00adkab\u00adryn\u00adda d\u00fcn\u00ad\u00fd\u00e4\u00adde pa\u00adra\u00adhat\u00ad\u00e7y\u00adly\u00adgy \u00fcp\u00adj\u00fcn et\u00admek, asu\u00adda\u00adly\u00adgy\u0148 wa\u00adjyp\u00adly\u00adgy\u00adny we \u00e4h\u00admi\u00ad\u00fde\u00adti\u00adni d\u00fc\u00ad\u015f\u00fcn\u00addir\u00admek mak\u00adsa\u00addy bi\u00adlen, Hal\u00adka\u00adra Bi\u00adta\u00adrap\u00adlyk g\u00fc\u00adni ulu\u00addan bel\u00adle\u00adnip ge\u00ad\u00e7il\u00ad\u00fd\u00e4r. 2017-nji \u00fdy\u00adly\u0148 2-nji few\u00adra\u00adlyn\u00adda T\u00fcrk\u00adme\u00adnis\u00adta\u00adny\u0148 ba\u015f\u00adlan\u00adgy\u00adjy bi\u00adlen BMG-ni\u0148 Ba\u015f As\u00adsamb\u00adle\u00ad\u00fda\u00adsy\u00adny\u0148 71-nji ses\u00adsi\u00ad\u00fda\u00adsy\u00adny\u0148 \u00e7\u00e4k\u00adle\u00adrin\u00adde 12-nji de\u00adkab\u00adry \u00abHal\u00adka\u00adra Bi\u00adta\u00adrap\u00adlyk g\u00fc\u00adni\u00bb di\u00ad\u00fdip yg\u00adlan et\u00admek ha\u00adkyn\u00adda Ka\u00adrar\u00adna\u00adma ka\u00adbul edil\u00addi. Her \u00fdyl bu \u015fan\u00adly se\u00adne my\u00adna\u00adsy\u00adbet\u00adli \u00fdur\u00addu\u00admyz\u00adda we d\u00fcn\u00ad\u00fd\u00e4\u00adde [&hellip;]<\/p>\n","protected":false},"author":2,"featured_media":154024,"comment_status":"open","ping_status":"closed","sticky":false,"template":"","format":"standard","meta":{"footnotes":""},"categories":[3],"tags":[],"acf":[],"_links":{"self":[{"href":"https:\/\/zamanturkmenistan.com.tm\/index.php?rest_route=\/wp\/v2\/posts\/154023"}],"collection":[{"href":"https:\/\/zamanturkmenistan.com.tm\/index.php?rest_route=\/wp\/v2\/posts"}],"about":[{"href":"https:\/\/zamanturkmenistan.com.tm\/index.php?rest_route=\/wp\/v2\/types\/post"}],"author":[{"embeddable":true,"href":"https:\/\/zamanturkmenistan.com.tm\/index.php?rest_route=\/wp\/v2\/users\/2"}],"replies":[{"embeddable":true,"href":"https:\/\/zamanturkmenistan.com.tm\/index.php?rest_route=%2Fwp%2Fv2%2Fcomments&post=154023"}],"version-history":[{"count":1,"href":"https:\/\/zamanturkmenistan.com.tm\/index.php?rest_route=\/wp\/v2\/posts\/154023\/revisions"}],"predecessor-version":[{"id":154025,"href":"https:\/\/zamanturkmenistan.com.tm\/index.php?rest_route=\/wp\/v2\/posts\/154023\/revisions\/154025"}],"wp:featuredmedia":[{"embeddable":true,"href":"https:\/\/zamanturkmenistan.com.tm\/index.php?rest_route=\/wp\/v2\/media\/154024"}],"wp:attachment":[{"href":"https:\/\/zamanturkmenistan.com.tm\/index.php?rest_route=%2Fwp%2Fv2%2Fmedia&parent=154023"}],"wp:term":[{"taxonomy":"category","embeddable":true,"href":"https:\/\/zamanturkmenistan.com.tm\/index.php?rest_route=%2Fwp%2Fv2%2Fcategories&post=154023"},{"taxonomy":"post_tag","embeddable":true,"href":"https:\/\/zamanturkmenistan.com.tm\/index.php?rest_route=%2Fwp%2Fv2%2Ftags&post=154023"}],"curies":[{"name":"wp","href":"https:\/\/api.w.org\/{rel}","templated":true}]}}