{"id":154121,"date":"2025-12-11T14:03:00","date_gmt":"2025-12-11T09:03:00","guid":{"rendered":"https:\/\/zamanturkmenistan.com.tm\/?p=154121"},"modified":"2025-12-11T14:03:00","modified_gmt":"2025-12-11T09:03:00","slug":"gi-parmelen-2026-njy-yylda-sweysariyanyn-prezidenti-bolar","status":"publish","type":"post","link":"https:\/\/zamanturkmenistan.com.tm\/?p=154121","title":{"rendered":"Gi Parmelen 2026-njy \u00fdylda \u015ewe\u00fdsari\u00fdany\u0148 Prezidenti bolar"},"content":{"rendered":"<p>\u015ewe\u00fdsari\u00fdany\u0148 Federal \u00fdygnagyny\u0148 (parlamenti\u0148) iki palatasyny\u0148 agzalary ykdysady\u00fdet ministri Gi Parmeleni 2026-njy \u00fdyl \u00fc\u00e7in \u00fdurdu\u0148 Prezidenti wezipesine sa\u00fdladylar.<br \/>\nH\u00f6k\u00fcmetde \u015ewe\u00fdsari\u00fdany\u0148 halk parti\u00fdasyny\u0148 wekili bolan Parmelen 210 sesden 203-sini aldy. Ol 1-nji \u00fdanwarda wezipesine giri\u015fer we prezidentlik ygty\u00fdarlyklaryny ministr wezipesi bilen utga\u015fdyryp, indiki \u00fdyly\u0148 dowamynda bu wezip\u00e4ni e\u00fdel\u00e4r. Da\u015fary i\u015fler ministri Ignazio Kassis 2026-njy \u00fdyl \u00fc\u00e7in wise-prezident wezipesine sa\u00fdlandy.<br \/>\n\u015ewe\u00fdsari\u00fdada hereket ed\u00fd\u00e4n kanun\u00e7uylyga g\u00f6r\u00e4, Prezident wezipesini h\u00f6k\u00fcmet agzalary bir \u00fdyl m\u00f6hlet bilen nobatma-nobat \u00fderine \u00fdetir\u00fd\u00e4rler. Prezidentleri\u0148 \u00fdyllyk gezekle\u015fmegi \u00fdurdu\u0148 sy\u00fdasatyna t\u00e4sir etme\u00fd\u00e4r, seb\u00e4bi \u00e4hli esasy meseleler h\u00f6k\u00fcmeti\u0148 i\u00e7inde bilelikde \u00e7\u00f6z\u00fcl\u00fd\u00e4r. Sesler de\u0148lik bolan \u00fdagda\u00fdynda, Prezidenti\u0148 pikiri m\u00f6h\u00fcm \u00e4hmi\u00fdete e\u00fde bol\u00fdar.<br \/>\nResmi ady \u015ewe\u00fdsari\u00fda Konfederasi\u00fdasy bolan \u00fdurt Merkezi \u00ddewropada \u00fderle\u015f\u00fdip, de\u0148ze \u00e7ykalgasy bolmadyk d\u00f6wletdir. \u00ddurt Alp daglaryny\u0148 uly b\u00f6legini \u00f6z i\u00e7ine al\u00fdar we t\u00e4sin tebigy g\u00f6zellikleri bilen tanal\u00fdar. \u015ewe\u00fdsari\u00fdany\u0148 ilaty 2024-nji \u00fdyldaky maglumatlara g\u00f6r\u00e4, takmynan, 8,7 million adama barabardyr. Bu \u00fdurt k\u00f6p dilli we k\u00f6p medeni\u00fdetli bolup, \u00fdurdu\u0148 ilaty nemes, fransuz, ital\u00fdan, roman\u015f \u00fdaly d\u00f6rt sany resmi dilde geple\u00fd\u00e4r.<\/p>\n","protected":false},"excerpt":{"rendered":"<p>\u015ewe\u00fdsari\u00fdany\u0148 Federal \u00fdygnagyny\u0148 (parlamenti\u0148) iki palatasyny\u0148 agzalary ykdysady\u00fdet ministri Gi Parmeleni 2026-njy \u00fdyl \u00fc\u00e7in \u00fdurdu\u0148 Prezidenti wezipesine sa\u00fdladylar. H\u00f6k\u00fcmetde \u015ewe\u00fdsari\u00fdany\u0148 halk parti\u00fdasyny\u0148 wekili bolan Parmelen 210 sesden 203-sini aldy. Ol 1-nji \u00fdanwarda wezipesine giri\u015fer we prezidentlik ygty\u00fdarlyklaryny ministr wezipesi bilen utga\u015fdyryp, indiki \u00fdyly\u0148 dowamynda bu wezip\u00e4ni e\u00fdel\u00e4r. Da\u015fary i\u015fler ministri Ignazio Kassis 2026-njy \u00fdyl \u00fc\u00e7in [&hellip;]<\/p>\n","protected":false},"author":2,"featured_media":154122,"comment_status":"open","ping_status":"closed","sticky":false,"template":"","format":"standard","meta":{"footnotes":""},"categories":[5],"tags":[],"acf":[],"_links":{"self":[{"href":"https:\/\/zamanturkmenistan.com.tm\/index.php?rest_route=\/wp\/v2\/posts\/154121"}],"collection":[{"href":"https:\/\/zamanturkmenistan.com.tm\/index.php?rest_route=\/wp\/v2\/posts"}],"about":[{"href":"https:\/\/zamanturkmenistan.com.tm\/index.php?rest_route=\/wp\/v2\/types\/post"}],"author":[{"embeddable":true,"href":"https:\/\/zamanturkmenistan.com.tm\/index.php?rest_route=\/wp\/v2\/users\/2"}],"replies":[{"embeddable":true,"href":"https:\/\/zamanturkmenistan.com.tm\/index.php?rest_route=%2Fwp%2Fv2%2Fcomments&post=154121"}],"version-history":[{"count":1,"href":"https:\/\/zamanturkmenistan.com.tm\/index.php?rest_route=\/wp\/v2\/posts\/154121\/revisions"}],"predecessor-version":[{"id":154123,"href":"https:\/\/zamanturkmenistan.com.tm\/index.php?rest_route=\/wp\/v2\/posts\/154121\/revisions\/154123"}],"wp:featuredmedia":[{"embeddable":true,"href":"https:\/\/zamanturkmenistan.com.tm\/index.php?rest_route=\/wp\/v2\/media\/154122"}],"wp:attachment":[{"href":"https:\/\/zamanturkmenistan.com.tm\/index.php?rest_route=%2Fwp%2Fv2%2Fmedia&parent=154121"}],"wp:term":[{"taxonomy":"category","embeddable":true,"href":"https:\/\/zamanturkmenistan.com.tm\/index.php?rest_route=%2Fwp%2Fv2%2Fcategories&post=154121"},{"taxonomy":"post_tag","embeddable":true,"href":"https:\/\/zamanturkmenistan.com.tm\/index.php?rest_route=%2Fwp%2Fv2%2Ftags&post=154121"}],"curies":[{"name":"wp","href":"https:\/\/api.w.org\/{rel}","templated":true}]}}