{"id":154124,"date":"2025-12-11T14:05:41","date_gmt":"2025-12-11T09:05:41","guid":{"rendered":"https:\/\/zamanturkmenistan.com.tm\/?p=154124"},"modified":"2025-12-11T14:05:41","modified_gmt":"2025-12-11T09:05:41","slug":"italyan-ashanasy-yunesko-nyn-maddy-dal-mirasynyn-sanawyna-girizildi","status":"publish","type":"post","link":"https:\/\/zamanturkmenistan.com.tm\/?p=154124","title":{"rendered":"Ital\u00fdan a\u015fhanasy \u00ddUNESKO-ny\u0148 maddy d\u00e4l mirasyny\u0148 sanawyna girizildi"},"content":{"rendered":"<p>Itali\u00fdany\u0148 a\u015fhana d\u00e4bi \u00ddUNESKO-ny\u0148 maddy d\u00e4l medeni mirasyny\u0148 sanawyna girizildi. Bu karar N\u00fdu-Delide ge\u00e7irilen maddy d\u00e4l medeni mirasy goramak bo\u00fdun\u00e7a h\u00f6k\u00fcmetara komitetini\u0148 mejlisinde kabul edildi. Komitet ital\u00fdan a\u015fhanasyny\u0148 &#8220;durnukly \u00f6s\u00fc\u015fi biomedeni d\u00fcrl\u00fcligi bilen utga\u015fdyr\u00fdandygy&#8221; barada netij\u00e4 geldi.<br \/>\n&#8220;\u015eu g\u00fcn \u00ddUNESKO ital\u00fdan a\u015fhanasyny B\u00fctind\u00fcn\u00fd\u00e4 mirasyny\u0148 ob\u00fdekti h\u00f6km\u00fcnde ykrar etdi. Biz d\u00fcn\u00fd\u00e4de ilkinji bolup bu ykrarnamany aldyk, bu bolsa bizi\u0148 \u00f6zbolu\u015fly medeni\u00fdetimizi\u0148 bardygyna g\u00fcw\u00e4 ge\u00e7\u00fd\u00e4r&#8221; di\u00fdip, Itali\u00fdany\u0148 Prezidenti Jorja Meloni wideo \u00e7yky\u015fynda belledi.<br \/>\nItali\u00fdany\u0148 metbugaty kabul edilen karary\u0148 \u00f6zbolu\u015flydygyny, \u00e7\u00fcnki mundan \u00f6\u0148 \u00ddUNESKO-ny\u0148 sanawyna di\u0148e a\u00fdratyn tagamlar \u00fda-da reseptler girizilendigini, emma tutu\u015f a\u015fhanany\u0148 d\u00e4ldigini \u00fdazdy.<\/p>\n","protected":false},"excerpt":{"rendered":"<p>Itali\u00fdany\u0148 a\u015fhana d\u00e4bi \u00ddUNESKO-ny\u0148 maddy d\u00e4l medeni mirasyny\u0148 sanawyna girizildi. Bu karar N\u00fdu-Delide ge\u00e7irilen maddy d\u00e4l medeni mirasy goramak bo\u00fdun\u00e7a h\u00f6k\u00fcmetara komitetini\u0148 mejlisinde kabul edildi. Komitet ital\u00fdan a\u015fhanasyny\u0148 &#8220;durnukly \u00f6s\u00fc\u015fi biomedeni d\u00fcrl\u00fcligi bilen utga\u015fdyr\u00fdandygy&#8221; barada netij\u00e4 geldi. &#8220;\u015eu g\u00fcn \u00ddUNESKO ital\u00fdan a\u015fhanasyny B\u00fctind\u00fcn\u00fd\u00e4 mirasyny\u0148 ob\u00fdekti h\u00f6km\u00fcnde ykrar etdi. Biz d\u00fcn\u00fd\u00e4de ilkinji bolup bu ykrarnamany aldyk, [&hellip;]<\/p>\n","protected":false},"author":2,"featured_media":154125,"comment_status":"open","ping_status":"closed","sticky":false,"template":"","format":"standard","meta":{"footnotes":""},"categories":[5],"tags":[],"acf":[],"_links":{"self":[{"href":"https:\/\/zamanturkmenistan.com.tm\/index.php?rest_route=\/wp\/v2\/posts\/154124"}],"collection":[{"href":"https:\/\/zamanturkmenistan.com.tm\/index.php?rest_route=\/wp\/v2\/posts"}],"about":[{"href":"https:\/\/zamanturkmenistan.com.tm\/index.php?rest_route=\/wp\/v2\/types\/post"}],"author":[{"embeddable":true,"href":"https:\/\/zamanturkmenistan.com.tm\/index.php?rest_route=\/wp\/v2\/users\/2"}],"replies":[{"embeddable":true,"href":"https:\/\/zamanturkmenistan.com.tm\/index.php?rest_route=%2Fwp%2Fv2%2Fcomments&post=154124"}],"version-history":[{"count":1,"href":"https:\/\/zamanturkmenistan.com.tm\/index.php?rest_route=\/wp\/v2\/posts\/154124\/revisions"}],"predecessor-version":[{"id":154126,"href":"https:\/\/zamanturkmenistan.com.tm\/index.php?rest_route=\/wp\/v2\/posts\/154124\/revisions\/154126"}],"wp:featuredmedia":[{"embeddable":true,"href":"https:\/\/zamanturkmenistan.com.tm\/index.php?rest_route=\/wp\/v2\/media\/154125"}],"wp:attachment":[{"href":"https:\/\/zamanturkmenistan.com.tm\/index.php?rest_route=%2Fwp%2Fv2%2Fmedia&parent=154124"}],"wp:term":[{"taxonomy":"category","embeddable":true,"href":"https:\/\/zamanturkmenistan.com.tm\/index.php?rest_route=%2Fwp%2Fv2%2Fcategories&post=154124"},{"taxonomy":"post_tag","embeddable":true,"href":"https:\/\/zamanturkmenistan.com.tm\/index.php?rest_route=%2Fwp%2Fv2%2Ftags&post=154124"}],"curies":[{"name":"wp","href":"https:\/\/api.w.org\/{rel}","templated":true}]}}