{"id":154164,"date":"2025-12-11T18:36:03","date_gmt":"2025-12-11T13:36:03","guid":{"rendered":"https:\/\/zamanturkmenistan.com.tm\/?p=154164"},"modified":"2025-12-11T18:36:03","modified_gmt":"2025-12-11T13:36:03","slug":"gruziyanyn-bugday-osdurip-yetisdirmek-medeniyeti-yunesko-nyn-sanawyna-girizildi","status":"publish","type":"post","link":"https:\/\/zamanturkmenistan.com.tm\/?p=154164","title":{"rendered":"Gruzi\u00fdany\u0148 bugda\u00fd \u00f6sd\u00fcrip \u00fdeti\u015fdirmek medeni\u00fdeti \u00ddUNESKO-ny\u0148 sanawyna girizildi"},"content":{"rendered":"<p>Gruzi\u00fdada bugda\u00fd \u00f6sd\u00fcrip \u00fdeti\u015fdirmek we hasyl \u00fdygnamak d\u00e4pleri \u00ddUNESKO-ny\u0148 maddy d\u00e4l medeni mirasyny\u0148 sanawyna girizildi. Bu barada Gruzi\u00fdany\u0148 Da\u015fky gur\u015fawy goramak we Oba hojalyk ministrligi m\u00e4lim etdi.<br \/>\nBu karar 10-njy dekabrda N\u00fdu-Delide ge\u00e7irilen \u00ddUNESKO-ny\u0148 Maddy d\u00e4l medeni mirasy goramak bo\u00fdun\u00e7a h\u00f6k\u00fcmetara komitetini\u0148 20-nji mejlisinde kabul edildi. 11-nji dekabrda Gruzi\u00fdany\u0148 wekili\u00fdetine &#8220;Gruzi\u00fdada bugda\u00fd \u00f6sd\u00fcrip \u00fdeti\u015fdirmegi\u0148 d\u00e4p-dessurlaryny\u0148 we urp-adatlaryny\u0148&#8221; d\u00fcn\u00fd\u00e4ni\u0148 maddy d\u00e4l medeni mirasyny\u0148 bir b\u00f6legidigini tassykla\u00fdan g\u00fcw\u00e4nama gow\u015furyldy.<br \/>\n\u00ddUNESKO-ny\u0148 maglumatlaryna g\u00f6r\u00e4, bugda\u00fd \u00f6sd\u00fcrip \u00fdeti\u015fdirmek we \u00fdygnamak bo\u00fdun\u00e7a gruzin d\u00e4p-dessurlary bu halky\u0148 asyrlary\u0148 dowamynda gorap saklap gelen doly \u00fd\u00f6relgelerini \u00f6z i\u00e7ine al\u00fdar. Bu \u00fd\u00f6relgeler topragy azal bilen ta\u00fd\u00fdarlamagy, hasyly \u00fd\u00f6rite gural bilen \u00fdygnamagy, d\u00e4neleri \u00fd\u00f6rite ni\u00fdetlenen d\u00f6wek tagtasy bilen sa\u00fdlamagy \u00f6z i\u00e7ine al\u00fdar.Guramany\u0148 belle\u00fd\u015fi \u00fdaly, bulary\u0148 hemmesi gruzin durmu\u015fyny\u0148, jemgy\u00fdet\u00e7ilik gatna\u015fyklaryny\u0148 we nesilleri\u0148 tejribesini\u0148 m\u00f6h\u00fcm b\u00f6legini emele getir\u00fd\u00e4r. Bugda\u00fd bilen baglany\u015fykly medeni\u00fdetini\u0148 \u00fdene-de bir a\u00fdrylmaz elementi \u00f6\u0148den gel\u00fd\u00e4n \u00fd\u00f6rite pe\u00e7lerde \u00e7\u00f6rek bi\u015firmekdir.<\/p>\n","protected":false},"excerpt":{"rendered":"<p>Gruzi\u00fdada bugda\u00fd \u00f6sd\u00fcrip \u00fdeti\u015fdirmek we hasyl \u00fdygnamak d\u00e4pleri \u00ddUNESKO-ny\u0148 maddy d\u00e4l medeni mirasyny\u0148 sanawyna girizildi. Bu barada Gruzi\u00fdany\u0148 Da\u015fky gur\u015fawy goramak we Oba hojalyk ministrligi m\u00e4lim etdi. Bu karar 10-njy dekabrda N\u00fdu-Delide ge\u00e7irilen \u00ddUNESKO-ny\u0148 Maddy d\u00e4l medeni mirasy goramak bo\u00fdun\u00e7a h\u00f6k\u00fcmetara komitetini\u0148 20-nji mejlisinde kabul edildi. 11-nji dekabrda Gruzi\u00fdany\u0148 wekili\u00fdetine &#8220;Gruzi\u00fdada bugda\u00fd \u00f6sd\u00fcrip \u00fdeti\u015fdirmegi\u0148 d\u00e4p-dessurlaryny\u0148 [&hellip;]<\/p>\n","protected":false},"author":2,"featured_media":154157,"comment_status":"open","ping_status":"closed","sticky":false,"template":"","format":"standard","meta":{"footnotes":""},"categories":[5],"tags":[],"acf":[],"_links":{"self":[{"href":"https:\/\/zamanturkmenistan.com.tm\/index.php?rest_route=\/wp\/v2\/posts\/154164"}],"collection":[{"href":"https:\/\/zamanturkmenistan.com.tm\/index.php?rest_route=\/wp\/v2\/posts"}],"about":[{"href":"https:\/\/zamanturkmenistan.com.tm\/index.php?rest_route=\/wp\/v2\/types\/post"}],"author":[{"embeddable":true,"href":"https:\/\/zamanturkmenistan.com.tm\/index.php?rest_route=\/wp\/v2\/users\/2"}],"replies":[{"embeddable":true,"href":"https:\/\/zamanturkmenistan.com.tm\/index.php?rest_route=%2Fwp%2Fv2%2Fcomments&post=154164"}],"version-history":[{"count":1,"href":"https:\/\/zamanturkmenistan.com.tm\/index.php?rest_route=\/wp\/v2\/posts\/154164\/revisions"}],"predecessor-version":[{"id":154165,"href":"https:\/\/zamanturkmenistan.com.tm\/index.php?rest_route=\/wp\/v2\/posts\/154164\/revisions\/154165"}],"wp:featuredmedia":[{"embeddable":true,"href":"https:\/\/zamanturkmenistan.com.tm\/index.php?rest_route=\/wp\/v2\/media\/154157"}],"wp:attachment":[{"href":"https:\/\/zamanturkmenistan.com.tm\/index.php?rest_route=%2Fwp%2Fv2%2Fmedia&parent=154164"}],"wp:term":[{"taxonomy":"category","embeddable":true,"href":"https:\/\/zamanturkmenistan.com.tm\/index.php?rest_route=%2Fwp%2Fv2%2Fcategories&post=154164"},{"taxonomy":"post_tag","embeddable":true,"href":"https:\/\/zamanturkmenistan.com.tm\/index.php?rest_route=%2Fwp%2Fv2%2Ftags&post=154164"}],"curies":[{"name":"wp","href":"https:\/\/api.w.org\/{rel}","templated":true}]}}