{"id":154193,"date":"2025-12-12T10:05:06","date_gmt":"2025-12-12T05:05:06","guid":{"rendered":"https:\/\/zamanturkmenistan.com.tm\/?p=154193"},"modified":"2025-12-12T10:05:06","modified_gmt":"2025-12-12T05:05:06","slug":"turkmen-alabay-itlerini-osdurip-yetisdirmek-sungaty-yunesko-nyn-adamzadyn-maddy-dal-medeni-mirasynyn-sanawyna-girizildi","status":"publish","type":"post","link":"https:\/\/zamanturkmenistan.com.tm\/?p=154193","title":{"rendered":"\u201cT\u00fcrkmen alaba\u00fd itlerini \u00f6sd\u00fcrip \u00fdeti\u015fdirmek sungaty\u201d \u00ddUNESKO-ny\u0148 Adamzady\u0148 maddy d\u00e4l medeni mirasyny\u0148 sanawyna girizildi"},"content":{"rendered":"<p>11-nji dekabrynda Hindistany\u0148 N\u00fdu-Deli \u015f\u00e4herinde ge\u00e7iril\u00fd\u00e4n \u00ddUNESKO-ny\u0148 Maddy d\u00e4l medeni mirasy goramak bo\u00fdun\u00e7a h\u00f6k\u00fcmetara komitetini\u0148 20-nji mejlisini\u0148 \u00e7\u00e4klerinde, T\u00fcrkmenistany\u0148 h\u00f6d\u00fcrl\u00e4n \u201cT\u00fcrkmen alaba\u00fd itlerini \u00f6sd\u00fcrip \u00fdeti\u015fdirmek sungaty\u201d atly h\u00f6d\u00fcrnamany\u0148 Adamzady\u0148 maddy d\u00e4l medeni mirasyny\u0148 sanawyna girizilmegi barada gutarnykly \u00e7\u00f6zg\u00fct kabul edildi.<\/p>\n<p>Bu \u00e7\u00f6zg\u00fct Komiteti\u0148 24 agzasyny\u0148 \u00e4hlisi tarapyndan biragyzdan goldandy. T\u00fcrkmenistany\u0148 \u00ddUNESKO-ny\u0148 i\u015fleri bo\u00fdun\u00e7a Milli toparyny\u0148 Sekretariaty tarapyndan \u201cT\u00fcrkmen alaba\u00fdlary\u201d Halkara assosiasi\u00fdasy bilen bilelikde ta\u00fd\u00fdarlanan h\u00f6d\u00fcrnama bukjasyna ussatlary\u0148, it\u015fynaslyk bilen me\u015fgullan\u00fdan ma\u015fgalalary\u0148, alym-barlag\u00e7ylary\u0148, \u015fe\u00fdle hem alaba\u00fd itlerini \u00f6sd\u00fcrip \u00fdeti\u015fdirmegi\u0148 me\u015fhur bilermenlerini\u0148 we mu\u015fdaklaryny\u0148 gi\u0148den gatna\u015fmagy girizildi.<\/p>\n<p>Mejlisi\u0148 dowamynda d\u00f6wletleri\u0148 Konwensi\u00fdany\u0148 \u00e7\u00e4ginde d\u00fcrli sanawlara girizmek \u00fc\u00e7in h\u00f6d\u00fcrl\u00e4n 66 milli we k\u00f6pmilli h\u00f6d\u00fcrnamalar ara alnyp maslahatla\u015fyldy. Olardan 54-si Adamzady\u0148 maddy d\u00e4l medeni mirasyny\u0148 sanawyna, 11-si Gyssagly goraga m\u00e4t\u00e4\u00e7 maddy d\u00e4l medeni mirasy\u0148 sanawyna, 1-i Maddy d\u00e4l medeni mirasy gorap saklamak bo\u00fdun\u00e7a i\u0148 gowy tejribeleri\u0148 sanawyna girizilm\u00e4ge h\u00f6d\u00fcrlenendir.<\/p>\n<p>H\u00f6k\u00fcmetara komitetini\u0148 mejlisini\u0148 i\u015fi \u015fu \u00fdyly\u0148 13-nji dekabrda tamamlan\u00fdar.<\/p>\n<p>Mejlisi\u0148 dowamynda Gruzi\u00fdada <a href=\"https:\/\/zamanturkmenistan.com.tm\/gruziyanyn-bugday-osdurip-yetisdirmek-medeniyeti-yunesko-nyn-sanawyna-girizildi\/\">bugda\u00fd \u00f6sd\u00fcrip \u00fdeti\u015fdirmegi\u0148<\/a> d\u00e4p-dessurlaryny\u0148 we urp-adatlary, Itali\u00fdany\u0148 <a href=\"https:\/\/zamanturkmenistan.com.tm\/italyan-ashanasy-yunesko-nyn-maddy-dal-mirasynyn-sanawyna-girizildi\/\">a\u015fhana d\u00e4bi<\/a> we be\u00fdleki gymmatlyklar t\u00e4ze sanawa girizildi.<\/p>\n","protected":false},"excerpt":{"rendered":"<p>11-nji dekabrynda Hindistany\u0148 N\u00fdu-Deli \u015f\u00e4herinde ge\u00e7iril\u00fd\u00e4n \u00ddUNESKO-ny\u0148 Maddy d\u00e4l medeni mirasy goramak bo\u00fdun\u00e7a h\u00f6k\u00fcmetara komitetini\u0148 20-nji mejlisini\u0148 \u00e7\u00e4klerinde, T\u00fcrkmenistany\u0148 h\u00f6d\u00fcrl\u00e4n \u201cT\u00fcrkmen alaba\u00fd itlerini \u00f6sd\u00fcrip \u00fdeti\u015fdirmek sungaty\u201d atly h\u00f6d\u00fcrnamany\u0148 Adamzady\u0148 maddy d\u00e4l medeni mirasyny\u0148 sanawyna girizilmegi barada gutarnykly \u00e7\u00f6zg\u00fct kabul edildi. Bu \u00e7\u00f6zg\u00fct Komiteti\u0148 24 agzasyny\u0148 \u00e4hlisi tarapyndan biragyzdan goldandy. T\u00fcrkmenistany\u0148 \u00ddUNESKO-ny\u0148 i\u015fleri bo\u00fdun\u00e7a Milli toparyny\u0148 [&hellip;]<\/p>\n","protected":false},"author":2,"featured_media":119215,"comment_status":"open","ping_status":"closed","sticky":false,"template":"","format":"standard","meta":{"footnotes":""},"categories":[3],"tags":[],"acf":[],"_links":{"self":[{"href":"https:\/\/zamanturkmenistan.com.tm\/index.php?rest_route=\/wp\/v2\/posts\/154193"}],"collection":[{"href":"https:\/\/zamanturkmenistan.com.tm\/index.php?rest_route=\/wp\/v2\/posts"}],"about":[{"href":"https:\/\/zamanturkmenistan.com.tm\/index.php?rest_route=\/wp\/v2\/types\/post"}],"author":[{"embeddable":true,"href":"https:\/\/zamanturkmenistan.com.tm\/index.php?rest_route=\/wp\/v2\/users\/2"}],"replies":[{"embeddable":true,"href":"https:\/\/zamanturkmenistan.com.tm\/index.php?rest_route=%2Fwp%2Fv2%2Fcomments&post=154193"}],"version-history":[{"count":1,"href":"https:\/\/zamanturkmenistan.com.tm\/index.php?rest_route=\/wp\/v2\/posts\/154193\/revisions"}],"predecessor-version":[{"id":154194,"href":"https:\/\/zamanturkmenistan.com.tm\/index.php?rest_route=\/wp\/v2\/posts\/154193\/revisions\/154194"}],"wp:featuredmedia":[{"embeddable":true,"href":"https:\/\/zamanturkmenistan.com.tm\/index.php?rest_route=\/wp\/v2\/media\/119215"}],"wp:attachment":[{"href":"https:\/\/zamanturkmenistan.com.tm\/index.php?rest_route=%2Fwp%2Fv2%2Fmedia&parent=154193"}],"wp:term":[{"taxonomy":"category","embeddable":true,"href":"https:\/\/zamanturkmenistan.com.tm\/index.php?rest_route=%2Fwp%2Fv2%2Fcategories&post=154193"},{"taxonomy":"post_tag","embeddable":true,"href":"https:\/\/zamanturkmenistan.com.tm\/index.php?rest_route=%2Fwp%2Fv2%2Ftags&post=154193"}],"curies":[{"name":"wp","href":"https:\/\/api.w.org\/{rel}","templated":true}]}}