{"id":154734,"date":"2025-12-19T11:44:45","date_gmt":"2025-12-19T06:44:45","guid":{"rendered":"https:\/\/zamanturkmenistan.com.tm\/?p=154734"},"modified":"2025-12-19T11:44:45","modified_gmt":"2025-12-19T06:44:45","slug":"800-nji-ucaryny-ondurdi","status":"publish","type":"post","link":"https:\/\/zamanturkmenistan.com.tm\/?p=154734","title":{"rendered":"800-nji u\u00e7aryny \u00f6nd\u00fcrdi"},"content":{"rendered":"<p>\u00ddew\u00adro\u00adpa\u00adny\u0148 \u00abAir\u00adbus\u00bb kom\u00adpa\u00adni\u00ad\u00fda\u00adsy Hy\u00adta\u00ad\u00fdy\u0148 T\u00fdans\u00adzin \u015f\u00e4\u00adhe\u00adrin\u00add\u00e4\u00adki \u00f6n\u00fcm\u00ad\u00e7i\u00adlik des\u00adga\u00adsyn\u00adda gur\u00adlan 800-nji u\u00e7a\u00adry\u00adny \u00abAir Chi\u00adna\u00bb awia\u00adkom\u00adpa\u00adni\u00ad\u00fda\u00adsy\u00adna gow\u00ad\u015fur\u00addy. \u015ee\u00fd\u00adle\u00adlik\u00adde, \u00ddew\u00adro\u00adpa\u00adny\u0148 da\u00ad\u015fyn\u00adda\u00adky \u00f6n\u00fcm\u00ad\u00e7i\u00adlik\u00adde t\u00e4\u00adze sep\u00adgi\u00adde \u00fdet\u00adildi. 2008-nji \u00fdyl\u00adda ulan\u00adma\u00adga ber\u00adlen bu des\u00adga \u00abAir\u00adbus\u00bb-y\u0148 \u00ddew\u00adro\u00adpa\u00adny\u0148 da\u00ad\u015fyn\u00adda\u00adky il\u00adkin\u00adji \u00fdyg\u00adna\u00fd\u00adjy des\u00adga\u00adsy\u00addyr. Kom\u00adpa\u00adni\u00ad\u00fda go\u00adla\u00fd\u00adda bu \u00fder\u00add\u00e4\u00adki za\u00adwo\u00addy\u00adny has-da gi\u00ad\u0148el\u00addip, A320 u\u00e7ar\u00adla\u00adry\u00adny \u00f6n\u00add\u00fcr\u00ad\u00fd\u00e4n ikin\u00adji kon\u00adwe\u00ad\u00fde\u00adri i\u015fe gi\u00adri\u00adzip\u00addi. \u015ee\u00fd\u00adle\u00adlik\u00adde, kom\u00adpa\u00adni\u00ad\u00fda Azi\u00ad\u00fda-\u00ddu\u00adwa\u015f um\u00adma\u00adny se\u00adbi\u00adtin\u00add\u00e4\u00adki sar\u00adgyt\u00adla\u00adry has gys\u00adga wagt\u00adda \u00fde\u00adri\u00adne \u00fde\u00adtir\u00adme\u00adgi me\u00ad\u00fdil\u00adle\u015f\u00addir\u00ad\u00fd\u00e4r.<\/p>\n<p style=\"text-align: right;\">Gun\u00e7a Ki\u00e7i\u00fdewa,<br \/>\nHalkara ynsanperwer ylymlary we \u00f6s\u00fc\u015f uniwersitetini\u0148 talyby.<\/p>\n","protected":false},"excerpt":{"rendered":"<p>\u00ddew\u00adro\u00adpa\u00adny\u0148 \u00abAir\u00adbus\u00bb kom\u00adpa\u00adni\u00ad\u00fda\u00adsy Hy\u00adta\u00ad\u00fdy\u0148 T\u00fdans\u00adzin \u015f\u00e4\u00adhe\u00adrin\u00add\u00e4\u00adki \u00f6n\u00fcm\u00ad\u00e7i\u00adlik des\u00adga\u00adsyn\u00adda gur\u00adlan 800-nji u\u00e7a\u00adry\u00adny \u00abAir Chi\u00adna\u00bb awia\u00adkom\u00adpa\u00adni\u00ad\u00fda\u00adsy\u00adna gow\u00ad\u015fur\u00addy. \u015ee\u00fd\u00adle\u00adlik\u00adde, \u00ddew\u00adro\u00adpa\u00adny\u0148 da\u00ad\u015fyn\u00adda\u00adky \u00f6n\u00fcm\u00ad\u00e7i\u00adlik\u00adde t\u00e4\u00adze sep\u00adgi\u00adde \u00fdet\u00adildi. 2008-nji \u00fdyl\u00adda ulan\u00adma\u00adga ber\u00adlen bu des\u00adga \u00abAir\u00adbus\u00bb-y\u0148 \u00ddew\u00adro\u00adpa\u00adny\u0148 da\u00ad\u015fyn\u00adda\u00adky il\u00adkin\u00adji \u00fdyg\u00adna\u00fd\u00adjy des\u00adga\u00adsy\u00addyr. Kom\u00adpa\u00adni\u00ad\u00fda go\u00adla\u00fd\u00adda bu \u00fder\u00add\u00e4\u00adki za\u00adwo\u00addy\u00adny has-da gi\u00ad\u0148el\u00addip, A320 u\u00e7ar\u00adla\u00adry\u00adny \u00f6n\u00add\u00fcr\u00ad\u00fd\u00e4n ikin\u00adji kon\u00adwe\u00ad\u00fde\u00adri i\u015fe gi\u00adri\u00adzip\u00addi. \u015ee\u00fd\u00adle\u00adlik\u00adde, kom\u00adpa\u00adni\u00ad\u00fda Azi\u00ad\u00fda-\u00ddu\u00adwa\u015f um\u00adma\u00adny se\u00adbi\u00adtin\u00add\u00e4\u00adki sar\u00adgyt\u00adla\u00adry has [&hellip;]<\/p>\n","protected":false},"author":2,"featured_media":154735,"comment_status":"open","ping_status":"closed","sticky":false,"template":"","format":"standard","meta":{"footnotes":""},"categories":[5],"tags":[],"acf":[],"_links":{"self":[{"href":"https:\/\/zamanturkmenistan.com.tm\/index.php?rest_route=\/wp\/v2\/posts\/154734"}],"collection":[{"href":"https:\/\/zamanturkmenistan.com.tm\/index.php?rest_route=\/wp\/v2\/posts"}],"about":[{"href":"https:\/\/zamanturkmenistan.com.tm\/index.php?rest_route=\/wp\/v2\/types\/post"}],"author":[{"embeddable":true,"href":"https:\/\/zamanturkmenistan.com.tm\/index.php?rest_route=\/wp\/v2\/users\/2"}],"replies":[{"embeddable":true,"href":"https:\/\/zamanturkmenistan.com.tm\/index.php?rest_route=%2Fwp%2Fv2%2Fcomments&post=154734"}],"version-history":[{"count":1,"href":"https:\/\/zamanturkmenistan.com.tm\/index.php?rest_route=\/wp\/v2\/posts\/154734\/revisions"}],"predecessor-version":[{"id":154736,"href":"https:\/\/zamanturkmenistan.com.tm\/index.php?rest_route=\/wp\/v2\/posts\/154734\/revisions\/154736"}],"wp:featuredmedia":[{"embeddable":true,"href":"https:\/\/zamanturkmenistan.com.tm\/index.php?rest_route=\/wp\/v2\/media\/154735"}],"wp:attachment":[{"href":"https:\/\/zamanturkmenistan.com.tm\/index.php?rest_route=%2Fwp%2Fv2%2Fmedia&parent=154734"}],"wp:term":[{"taxonomy":"category","embeddable":true,"href":"https:\/\/zamanturkmenistan.com.tm\/index.php?rest_route=%2Fwp%2Fv2%2Fcategories&post=154734"},{"taxonomy":"post_tag","embeddable":true,"href":"https:\/\/zamanturkmenistan.com.tm\/index.php?rest_route=%2Fwp%2Fv2%2Ftags&post=154734"}],"curies":[{"name":"wp","href":"https:\/\/api.w.org\/{rel}","templated":true}]}}