{"id":154852,"date":"2025-12-20T10:45:25","date_gmt":"2025-12-20T05:45:25","guid":{"rendered":"https:\/\/zamanturkmenistan.com.tm\/?p=154852"},"modified":"2025-12-20T10:45:25","modified_gmt":"2025-12-20T05:45:25","slug":"yragyn-onki-prezidenti-bmg-nin-bosgunlar-boyunca-yokary-komissary-wezipesine-saylandy","status":"publish","type":"post","link":"https:\/\/zamanturkmenistan.com.tm\/?p=154852","title":{"rendered":"Yragy\u0148 \u00f6\u0148ki Prezidenti BMG-ni\u0148 Bosgunlar bo\u00fdun\u00e7a \u00ddokary komissary wezipesine sa\u00fdlandy"},"content":{"rendered":"<p>18-nji dekabrda BMG-ni\u0148 Ba\u015f Assamble\u00fdasy Yragy\u0148 wekili Barham Ahmed Salehi BMG-ni\u0148 Bosgunlar bo\u00fdun\u00e7a \u00ddokary komissary wezipesine sa\u00fdlandy. BMG-ni\u0148 resmi web sahypasyny\u0148 habaryna g\u00f6r\u00e4, ol 2026-njy \u00fdyly\u0148 1-nji \u00fdanwaryndan ba\u015flap, BMG-ni\u0148 Bosgunlar bo\u00fdun\u00e7a agentligine (UNHCR) b\u00e4\u015f \u00fdyl m\u00f6hlet bilen \u00fdolba\u015f\u00e7ylyk eder. BMG-ni\u0148 Ba\u015f sekretary Antonio Guterre\u015f bu karary makullady.<br \/>\nSaleh Itali\u00fdaly Filippo Grandisini\u0148 ornuna ge\u00e7er, BMG-ni\u0148 ba\u015flygy o\u0148a bosgunlary, g\u00f6\u00e7\u00fcrilen adamlary we ra\u00fdatlygy bolmadyk adamlary goramak \u00fc\u00e7in onu\u0148 liderligine we \u00fdadawsyz tagallalaryna \u00e7u\u0148\u0148ur ho\u015fallyk bildirdi.<br \/>\nT\u00e4ze \u00ddokary komissary\u0148 Yrakda we K\u00fcrdistan sebitinde 30 \u00fdyldan gowrak d\u00f6wlet gullugy bo\u00fdun\u00e7a tejribesi bar. Ol 2018-nji \u00fdyldan 2022-nji \u00fdyla \u00e7enli Yragy\u0148 Prezidenti, iki gezek K\u00fcrdistany\u0148 sebit h\u00f6k\u00fcmetini\u0148 Prem\u00fder-ministri (2001\u20132004 we 2009\u20132012) we 2004-nji \u00fdyldan 2009-njy \u00fdyla \u00e7enli Yragy\u0148 Prem\u00fder-ministrini\u0148 orunbasary, \u015fol bir wagty\u0148 \u00f6z\u00fcnde Me\u00fdilnamala\u015fdyry\u015f ministri wezipesinde i\u015fledi.<br \/>\nBMG-ni\u0148 Ba\u015f sekretary Salehi\u0148 diplomatik, sy\u00fdasy we administratiw \u00fdolba\u015f\u00e7ylyk babatda uly tejribesini\u0148 bardygyny, \u015fe\u00fdle hem adam hukuklary we ynsanperwerlik meselelerini \u00e7u\u0148\u0148ur d\u00fc\u015f\u00fcn\u00fd\u00e4ndigini belledi.<br \/>\nOnu\u0148 i\u015f tejribesi halkara we sebitle\u00fdin proseslere gatna\u015fmagy, krizis geple\u015fiklerinde tejribesi we milli \u00f6zgertmeleri \u00f6z i\u00e7ine al\u00fdar. Ol 2003-nji \u00fdyldan so\u0148 Yragy\u0148 uru\u015fdan so\u0148ky abatla\u00fdy\u015f i\u015flerinde m\u00f6h\u00fcm rol o\u00fdnady.<\/p>\n","protected":false},"excerpt":{"rendered":"<p>18-nji dekabrda BMG-ni\u0148 Ba\u015f Assamble\u00fdasy Yragy\u0148 wekili Barham Ahmed Salehi BMG-ni\u0148 Bosgunlar bo\u00fdun\u00e7a \u00ddokary komissary wezipesine sa\u00fdlandy. BMG-ni\u0148 resmi web sahypasyny\u0148 habaryna g\u00f6r\u00e4, ol 2026-njy \u00fdyly\u0148 1-nji \u00fdanwaryndan ba\u015flap, BMG-ni\u0148 Bosgunlar bo\u00fdun\u00e7a agentligine (UNHCR) b\u00e4\u015f \u00fdyl m\u00f6hlet bilen \u00fdolba\u015f\u00e7ylyk eder. BMG-ni\u0148 Ba\u015f sekretary Antonio Guterre\u015f bu karary makullady. Saleh Itali\u00fdaly Filippo Grandisini\u0148 ornuna ge\u00e7er, BMG-ni\u0148 [&hellip;]<\/p>\n","protected":false},"author":2,"featured_media":154853,"comment_status":"open","ping_status":"closed","sticky":false,"template":"","format":"standard","meta":{"footnotes":""},"categories":[5],"tags":[],"acf":[],"_links":{"self":[{"href":"https:\/\/zamanturkmenistan.com.tm\/index.php?rest_route=\/wp\/v2\/posts\/154852"}],"collection":[{"href":"https:\/\/zamanturkmenistan.com.tm\/index.php?rest_route=\/wp\/v2\/posts"}],"about":[{"href":"https:\/\/zamanturkmenistan.com.tm\/index.php?rest_route=\/wp\/v2\/types\/post"}],"author":[{"embeddable":true,"href":"https:\/\/zamanturkmenistan.com.tm\/index.php?rest_route=\/wp\/v2\/users\/2"}],"replies":[{"embeddable":true,"href":"https:\/\/zamanturkmenistan.com.tm\/index.php?rest_route=%2Fwp%2Fv2%2Fcomments&post=154852"}],"version-history":[{"count":1,"href":"https:\/\/zamanturkmenistan.com.tm\/index.php?rest_route=\/wp\/v2\/posts\/154852\/revisions"}],"predecessor-version":[{"id":154854,"href":"https:\/\/zamanturkmenistan.com.tm\/index.php?rest_route=\/wp\/v2\/posts\/154852\/revisions\/154854"}],"wp:featuredmedia":[{"embeddable":true,"href":"https:\/\/zamanturkmenistan.com.tm\/index.php?rest_route=\/wp\/v2\/media\/154853"}],"wp:attachment":[{"href":"https:\/\/zamanturkmenistan.com.tm\/index.php?rest_route=%2Fwp%2Fv2%2Fmedia&parent=154852"}],"wp:term":[{"taxonomy":"category","embeddable":true,"href":"https:\/\/zamanturkmenistan.com.tm\/index.php?rest_route=%2Fwp%2Fv2%2Fcategories&post=154852"},{"taxonomy":"post_tag","embeddable":true,"href":"https:\/\/zamanturkmenistan.com.tm\/index.php?rest_route=%2Fwp%2Fv2%2Ftags&post=154852"}],"curies":[{"name":"wp","href":"https:\/\/api.w.org\/{rel}","templated":true}]}}