{"id":155368,"date":"2025-12-26T11:58:13","date_gmt":"2025-12-26T06:58:13","guid":{"rendered":"https:\/\/zamanturkmenistan.com.tm\/?p=155368"},"modified":"2025-12-26T11:58:13","modified_gmt":"2025-12-26T06:58:13","slug":"turkmenistanyn-hemiselik-bitaraplygynyn-30-yyllygy-atly-yadygarlik-kumus-nysany-bilen-sylaglamak-hakynda-turkmenistanyn-prezidentinin-karary","status":"publish","type":"post","link":"https:\/\/zamanturkmenistan.com.tm\/?p=155368","title":{"rendered":"\u00abT\u00fcrkmenistany\u0148 hemi\u015felik Bitaraplygyny\u0148 30 \u00fdyllygy\u00bb atly \u00fdadyg\u00e4rlik k\u00fcm\u00fc\u015f ny\u015fany bilen sylaglamak hakynda T\u00fcrkmenistany\u0148 Prezidentini\u0148 Karary"},"content":{"rendered":"<div class=\"news_page-title\">T\u00fcrkmenistany\u0148 Gara\u015fsyzlygyny we hemi\u015felik Bitaraplyk hukuk \u00fdagda\u00fdyny pugtalandyrmaga, ata Watanymyzy\u0148 d\u00fcn\u00fd\u00e4 \u00fd\u00fcz\u00fcnd\u00e4ki halkara abra\u00fdyny hemi\u015felik Bitaraplyk \u00fd\u00f6relgelerine la\u00fdyklykda berkitm\u00e4ge go\u015fan uly \u015fahsy go\u015fantlaryny, halkara parahat\u00e7ylyk we ynany\u015fmak sy\u00fdasatyny d\u00fcn\u00fd\u00e4 gi\u0148i\u015fliginde goldamakda hem-de wagyz etmekde, \u00fdurdumyzda ylmy, saglygy gora\u00fdy\u015f ulgamyny hem-de be\u00fdleki pudaklary \u00f6sd\u00fcrmek bo\u00fdun\u00e7a i\u015flenip ta\u00fd\u00fdarlanylan maksatnamalary durmu\u015fa ge\u00e7irmekde gazanan \u00fcst\u00fcnliklerini, \u00f6nje\u00fdli d\u00f6wlet we jemgy\u00fdet\u00e7ilik i\u015flerini hem-de k\u00f6p \u00fdyllary\u0148 dowamynda \u00e7eken yhlasly we halal z\u00e4hmetini nazara alyp, \u015fe\u00fdle hem T\u00fcrkmenistany\u0148 hemi\u015felik Bitaraplyk hukuk \u00fdagda\u00fdyna e\u00fde bolmagyny\u0148 \u015fanly 30 \u00fdyllygy mynasybetli, <strong>karar ed\u00fd\u00e4rin:<\/strong><\/div>\n<div class=\"news_page-text\">\n<p><strong>\u015eu da\u015fary \u00fdurt ra\u00fdatlaryny \u00abT\u00fcrkmenistany\u0148 hemi\u015felik Bitaraplygyny\u0148 30 \u00fdyllygy\u00bb atly \u00fdadyg\u00e4rlik k\u00fcm\u00fc\u015f ny\u015fany bilen sylaglamaly:<\/strong><\/p>\n<p>Amerikany\u0148 Birle\u015fen \u015etatlaryny\u0148 T\u00fcrkmenistandaky Adatdan da\u015fary we Doly ygty\u00fdarly il\u00e7isi\u00a0<strong>Elizabet Helen Rudy,<\/strong><\/p>\n<p>Azerba\u00fdjan Respublikasyny\u0148 T\u00fcrkmenistandaky Adatdan da\u015fary we Doly ygty\u00fdarly il\u00e7isi\u00a0<strong>Gismat Fuzuli ogly Gozalowy,<\/strong><\/p>\n<p>E\u00fdran Yslam Respublikasyny\u0148 T\u00fcrkmenistandaky Adatdan da\u015fary we Doly ygty\u00fdarly il\u00e7isi\u00a0<strong>Ali Mojtaba Ali Mardan Ruzbehanini,<\/strong><\/p>\n<p>Germani\u00fda Federatiw Respublikasyny\u0148 T\u00fcrkmenistandaky Adatdan da\u015fary we Doly ygty\u00fdarly il\u00e7isi\u00a0<strong>Bernd \u00ddosef Ha\u00fdns\u00e4ni,<\/strong><\/p>\n<p>\u00d6zbegistan Respublikasyny\u0148 T\u00fcrkmenistandaky Adatdan da\u015fary we Doly ygty\u00fdarly il\u00e7isi\u00a0<strong>Raw\u015fanbek Azatbekowi\u00e7 Alimowy,<\/strong><\/p>\n<p>Russi\u00fda Federasi\u00fdasyny\u0148 T\u00fcrkmenistandaky Adatdan da\u015fary we Doly ygty\u00fdarly il\u00e7isi\u00a0<strong>Iwan Kirillowi\u00e7 Wolynkini,<\/strong><\/p>\n<p>T\u00e4jigistan Respublikasyny\u0148 T\u00fcrkmenistandaky Adatdan da\u015fary we Doly ygty\u00fdarly il\u00e7isi\u00a0<strong>Wafo Ni\u00fdatbekzodany,<\/strong><\/p>\n<p>T\u00fcrki\u00fde Respublikasyny\u0148 T\u00fcrkmenistandaky Adatdan da\u015fary we Doly ygty\u00fdarly il\u00e7isi\u00a0<strong>Ahmet Demiroky,<\/strong><\/p>\n<p>\u00ddaponi\u00fdany\u0148 T\u00fcrkmenistandaky Adatdan da\u015fary we Doly ygty\u00fdarly il\u00e7isi\u00a0<strong>Hirosi Sasakini,<\/strong><\/p>\n<p>Kore\u00fda Respublikasyny\u0148 T\u00fcrkmenistandaky il\u00e7ihanasyny\u0148 i\u015fler wagtla\u00fdyn ynanylan wekili\u00a0<strong>Kim Jun \u00c7oly,<\/strong><\/p>\n<p>Birle\u015fen Milletler Guramasyny\u0148 \u00c7agalar gaznasyny\u0148 (\u00ddUNISEF) T\u00fcrkmenistandaky wekili\u00a0<strong>Jalpa Mulji Mawji Ratnany,<\/strong><\/p>\n<p>Azi\u00fdany\u0148 \u00f6s\u00fc\u015f bankyny\u0148 T\u00fcrkmenistandaky wekilhanasyny\u0148 \u00fdolba\u015f\u00e7ysy\u00a0<strong>Artur Tadeusz Andris\u00fdagy;<\/strong><\/p>\n<p><strong>\u00ddurdumyzy\u0148 \u015fu ra\u00fdatlaryny \u00abT\u00fcrkmenistany\u0148 hemi\u015felik Bitaraplygyny\u0148 30 \u00fdyllygy\u00bb atly \u00fdadyg\u00e4rlik k\u00fcm\u00fc\u015f ny\u015fany bilen sylaglamaly:<\/strong><\/p>\n<p>T\u00fcrkmenistany\u0148 Prezidentini\u0148 Diwanyny\u0148 d\u00f6wlet protokoly we halkara gatna\u015fyklary b\u00f6l\u00fcmini\u0148 esasy h\u00fcn\u00e4rmeni\u00a0<strong>Ba\u00fdram Huda\u00fdberdi\u00fdewi\u00e7 Rahimguly\u00fdewi,<\/strong><\/p>\n<p>T\u00fcrkmenistany\u0148 Ylymlar akademi\u00fdasyny\u0148 Magtymguly adyndaky Dil, edebi\u00fdat we milli gol\u00fdazmalar institutyny\u0148 direktory\u00a0<strong>Dawut Saparm\u00e4mmedowi\u00e7 Orazs\u00e4hedowy,<\/strong><\/p>\n<p>T\u00fcrkmenistany\u0148 Saglygy gora\u00fdy\u015f we derman senagaty ministrligini\u0148 Halkara okuw-ylmy merkezini\u0148 okuw-barlaghana b\u00f6l\u00fcmini\u0148 lukman\u00e7ylyk ugry bo\u00fdun\u00e7a nemes dili mugallymy\u00a0<strong>Ma\u00fda Anna\u00fdewna A\u015fyrowany,<\/strong><\/p>\n<p>T\u00fcrkmenistany\u0148 Da\u015fary i\u015fler ministrligini\u0148 Da\u015fary sy\u00fdasy habarlar we sanly diplomati\u00fda departamentini\u0148 ba\u015flygy\u00a0<strong>Altyn Kakajanowna Mommadowany,<\/strong><\/p>\n<p>T\u00fcrkmenistany\u0148 Da\u015fary i\u015fler ministrligini\u0148 Halkara guramalary departamentini\u0148 birinji sekretary\u00a0<strong>D\u00f6wlet Bahti\u00fdarowi\u00e7 \u00c7otba\u00fdewi.<\/strong><\/p>\n<p><strong>T\u00fcrkmenistany\u0148 Prezidenti<\/strong><strong><br \/>\nSerdar Berdimuhamedow.<\/strong><\/p>\n<\/div>\n","protected":false},"excerpt":{"rendered":"<p>T\u00fcrkmenistany\u0148 Gara\u015fsyzlygyny we hemi\u015felik Bitaraplyk hukuk \u00fdagda\u00fdyny pugtalandyrmaga, ata Watanymyzy\u0148 d\u00fcn\u00fd\u00e4 \u00fd\u00fcz\u00fcnd\u00e4ki halkara abra\u00fdyny hemi\u015felik Bitaraplyk \u00fd\u00f6relgelerine la\u00fdyklykda berkitm\u00e4ge go\u015fan uly \u015fahsy go\u015fantlaryny, halkara parahat\u00e7ylyk we ynany\u015fmak sy\u00fdasatyny d\u00fcn\u00fd\u00e4 gi\u0148i\u015fliginde goldamakda hem-de wagyz etmekde, \u00fdurdumyzda ylmy, saglygy gora\u00fdy\u015f ulgamyny hem-de be\u00fdleki pudaklary \u00f6sd\u00fcrmek bo\u00fdun\u00e7a i\u015flenip ta\u00fd\u00fdarlanylan maksatnamalary durmu\u015fa ge\u00e7irmekde gazanan \u00fcst\u00fcnliklerini, \u00f6nje\u00fdli d\u00f6wlet we jemgy\u00fdet\u00e7ilik [&hellip;]<\/p>\n","protected":false},"author":2,"featured_media":107534,"comment_status":"open","ping_status":"closed","sticky":false,"template":"","format":"standard","meta":{"footnotes":""},"categories":[3],"tags":[],"acf":[],"_links":{"self":[{"href":"https:\/\/zamanturkmenistan.com.tm\/index.php?rest_route=\/wp\/v2\/posts\/155368"}],"collection":[{"href":"https:\/\/zamanturkmenistan.com.tm\/index.php?rest_route=\/wp\/v2\/posts"}],"about":[{"href":"https:\/\/zamanturkmenistan.com.tm\/index.php?rest_route=\/wp\/v2\/types\/post"}],"author":[{"embeddable":true,"href":"https:\/\/zamanturkmenistan.com.tm\/index.php?rest_route=\/wp\/v2\/users\/2"}],"replies":[{"embeddable":true,"href":"https:\/\/zamanturkmenistan.com.tm\/index.php?rest_route=%2Fwp%2Fv2%2Fcomments&post=155368"}],"version-history":[{"count":1,"href":"https:\/\/zamanturkmenistan.com.tm\/index.php?rest_route=\/wp\/v2\/posts\/155368\/revisions"}],"predecessor-version":[{"id":155369,"href":"https:\/\/zamanturkmenistan.com.tm\/index.php?rest_route=\/wp\/v2\/posts\/155368\/revisions\/155369"}],"wp:featuredmedia":[{"embeddable":true,"href":"https:\/\/zamanturkmenistan.com.tm\/index.php?rest_route=\/wp\/v2\/media\/107534"}],"wp:attachment":[{"href":"https:\/\/zamanturkmenistan.com.tm\/index.php?rest_route=%2Fwp%2Fv2%2Fmedia&parent=155368"}],"wp:term":[{"taxonomy":"category","embeddable":true,"href":"https:\/\/zamanturkmenistan.com.tm\/index.php?rest_route=%2Fwp%2Fv2%2Fcategories&post=155368"},{"taxonomy":"post_tag","embeddable":true,"href":"https:\/\/zamanturkmenistan.com.tm\/index.php?rest_route=%2Fwp%2Fv2%2Ftags&post=155368"}],"curies":[{"name":"wp","href":"https:\/\/api.w.org\/{rel}","templated":true}]}}