{"id":155404,"date":"2025-12-26T16:53:15","date_gmt":"2025-12-26T11:53:15","guid":{"rendered":"https:\/\/zamanturkmenistan.com.tm\/?p=155404"},"modified":"2025-12-27T21:56:15","modified_gmt":"2025-12-27T16:56:15","slug":"ozbegistan-kosmosa-ozunin-ilkinji-hemrasyny-we-kosmonawtyny-iberer","status":"publish","type":"post","link":"https:\/\/zamanturkmenistan.com.tm\/?p=155404","title":{"rendered":"\u00d6zbegistan kosmosa ilkinji hemrasyny we kosmonawtyny iberer"},"content":{"rendered":"<p>\u00d6zbegistan taryhynda ilkinji gezek kosmosa emeli hemrany we \u00fdurdu\u0148 ra\u00fdaty bolan ilkinji \u00f6zbek kosmonawtyny ibermegi me\u00fdille\u015fdir\u00fd\u00e4r. Bu barada \u00d6zbegistany\u0148 Prezidenti \u015eawkat Mirzi\u00fdo\u00fdew \u00fdurdu\u0148 parlamentine we halkyna \u00fd\u00fczlenmesinde a\u00fdtdy.<br \/>\n-\u015eu g\u00fcn men size \u00fdene-de bir m\u00f6h\u00fcm habary \u00fdetirmek isle\u00fd\u00e4rin. Gara\u015fsyz \u00d6zbegistany\u0148 taryhynda ilkinji gezek biz kosmosa emeli hemrany we \u00fdurdumyzy\u0148 ra\u00fdaty bolan ilkinji \u00f6zbek kosmonawtyny ibermek bo\u00fdun\u00e7a i\u015flere ba\u015fladyk &#8211; di\u00fdip, d\u00f6wlet Ba\u015ftutany a\u00fdtdy.<br \/>\n\u015eawkat Mirzi\u00fdo\u00fdew bu \u00e4dimi\u0148 \u00fdurdu\u0148 ylmy we tehnologik \u00f6s\u00fc\u015fine uly itergi berjegine, \u015fe\u00fdle hem milli \u00f6s\u00fc\u015fi t\u00e4ze basgan\u00e7aga \u00e7ykarjakdygyna ynam bildirdi.<br \/>\nBell\u00e4p ge\u00e7sek, \u00d6zbegistan bilen Hyta\u00fd emeli a\u0148 moduly bilen enjamla\u015fdyrylan, aralykdan zondirle\u00fdji (g\u00f6zeg\u00e7ilik ediji) &#8220;Samarkant-2028&#8221; hemrasyny bilelikde i\u015fl\u00e4p ta\u00fd\u00fdarla\u00fdar. \u015ee\u00fdle-de, 2028-nji \u00fdylda \u00d6zbegistan Halkara awstronawtika kongresini gura\u00fdan Merkezi Azi\u00fdadaky ilkinji \u00fdurt bolar. Bu abra\u00fdly \u00e7\u00e4re Samarkant \u015f\u00e4herinde ge\u00e7iriler.<\/p>\n","protected":false},"excerpt":{"rendered":"<p>\u00d6zbegistan taryhynda ilkinji gezek kosmosa emeli hemrany we \u00fdurdu\u0148 ra\u00fdaty bolan ilkinji \u00f6zbek kosmonawtyny ibermegi me\u00fdille\u015fdir\u00fd\u00e4r. Bu barada \u00d6zbegistany\u0148 Prezidenti \u015eawkat Mirzi\u00fdo\u00fdew \u00fdurdu\u0148 parlamentine we halkyna \u00fd\u00fczlenmesinde a\u00fdtdy. -\u015eu g\u00fcn men size \u00fdene-de bir m\u00f6h\u00fcm habary \u00fdetirmek isle\u00fd\u00e4rin. Gara\u015fsyz \u00d6zbegistany\u0148 taryhynda ilkinji gezek biz kosmosa emeli hemrany we \u00fdurdumyzy\u0148 ra\u00fdaty bolan ilkinji \u00f6zbek kosmonawtyny ibermek [&hellip;]<\/p>\n","protected":false},"author":2,"featured_media":155405,"comment_status":"open","ping_status":"closed","sticky":false,"template":"","format":"standard","meta":{"footnotes":""},"categories":[5],"tags":[],"acf":[],"_links":{"self":[{"href":"https:\/\/zamanturkmenistan.com.tm\/index.php?rest_route=\/wp\/v2\/posts\/155404"}],"collection":[{"href":"https:\/\/zamanturkmenistan.com.tm\/index.php?rest_route=\/wp\/v2\/posts"}],"about":[{"href":"https:\/\/zamanturkmenistan.com.tm\/index.php?rest_route=\/wp\/v2\/types\/post"}],"author":[{"embeddable":true,"href":"https:\/\/zamanturkmenistan.com.tm\/index.php?rest_route=\/wp\/v2\/users\/2"}],"replies":[{"embeddable":true,"href":"https:\/\/zamanturkmenistan.com.tm\/index.php?rest_route=%2Fwp%2Fv2%2Fcomments&post=155404"}],"version-history":[{"count":2,"href":"https:\/\/zamanturkmenistan.com.tm\/index.php?rest_route=\/wp\/v2\/posts\/155404\/revisions"}],"predecessor-version":[{"id":155545,"href":"https:\/\/zamanturkmenistan.com.tm\/index.php?rest_route=\/wp\/v2\/posts\/155404\/revisions\/155545"}],"wp:featuredmedia":[{"embeddable":true,"href":"https:\/\/zamanturkmenistan.com.tm\/index.php?rest_route=\/wp\/v2\/media\/155405"}],"wp:attachment":[{"href":"https:\/\/zamanturkmenistan.com.tm\/index.php?rest_route=%2Fwp%2Fv2%2Fmedia&parent=155404"}],"wp:term":[{"taxonomy":"category","embeddable":true,"href":"https:\/\/zamanturkmenistan.com.tm\/index.php?rest_route=%2Fwp%2Fv2%2Fcategories&post=155404"},{"taxonomy":"post_tag","embeddable":true,"href":"https:\/\/zamanturkmenistan.com.tm\/index.php?rest_route=%2Fwp%2Fv2%2Ftags&post=155404"}],"curies":[{"name":"wp","href":"https:\/\/api.w.org\/{rel}","templated":true}]}}