{"id":157007,"date":"2026-01-17T09:40:20","date_gmt":"2026-01-17T04:40:20","guid":{"rendered":"https:\/\/zamanturkmenistan.com.tm\/?p=157007"},"modified":"2026-01-17T09:40:20","modified_gmt":"2026-01-17T04:40:20","slug":"palestina-dowletinin-turkmenistandaky-adatdan-dasary-we-doly-ygtyyarly-ilcisi-bilen-dususyk-gecirildi","status":"publish","type":"post","link":"https:\/\/zamanturkmenistan.com.tm\/?p=157007","title":{"rendered":"Palestina D\u00f6wletini\u0148 T\u00fcrkmenistandaky Adatdan da\u015fary we Doly ygty\u00fdarly Il\u00e7isi bilen du\u015fu\u015fyk ge\u00e7irildi"},"content":{"rendered":"<p>16-njy \u00fdanwarda T\u00fcrkmenistany\u0148 Da\u015fary i\u015fler ministrini\u0148 orunbasary M\u00e4hri B\u00e4\u015fimowa Palestina D\u00f6wletini\u0148 T\u00fcrkmenistandaky Adatdan da\u015fary we Doly ygty\u00fdarly Il\u00e7isi Rana Abu Hijleh bilen du\u015fu\u015fdy.<br \/>\nDu\u015fu\u015fygy\u0148 dowamynda taraplar t\u00fcrkmen-palestin gatna\u015fyklary bo\u00fdun\u00e7a \u00f6zara gyzyklanma bildiril\u00fd\u00e4n h\u00e4zirki meseleleri ara alyp maslahatla\u015fdylar.<br \/>\nTaraplar birn\u00e4\u00e7e sebitle\u00fdin we halkara meselelerini\u0148 hem \u00fcst\u00fcnde durup ge\u00e7diler.<br \/>\nDu\u015fu\u015fykda Hormatly Prezidentimiz Serdar Berdimuhamedowy\u0148 pa\u00fdhasly \u00fdolba\u015f\u00e7ylygynda amala a\u015fyryl\u00fdan T\u00fcrkmenistany\u0148 da\u015fary sy\u00fdasatyny\u0148 ynsanperwer h\u00e4si\u00fdeti nygtaldy.<\/p>\n","protected":false},"excerpt":{"rendered":"<p>16-njy \u00fdanwarda T\u00fcrkmenistany\u0148 Da\u015fary i\u015fler ministrini\u0148 orunbasary M\u00e4hri B\u00e4\u015fimowa Palestina D\u00f6wletini\u0148 T\u00fcrkmenistandaky Adatdan da\u015fary we Doly ygty\u00fdarly Il\u00e7isi Rana Abu Hijleh bilen du\u015fu\u015fdy. Du\u015fu\u015fygy\u0148 dowamynda taraplar t\u00fcrkmen-palestin gatna\u015fyklary bo\u00fdun\u00e7a \u00f6zara gyzyklanma bildiril\u00fd\u00e4n h\u00e4zirki meseleleri ara alyp maslahatla\u015fdylar. Taraplar birn\u00e4\u00e7e sebitle\u00fdin we halkara meselelerini\u0148 hem \u00fcst\u00fcnde durup ge\u00e7diler. Du\u015fu\u015fykda Hormatly Prezidentimiz Serdar Berdimuhamedowy\u0148 pa\u00fdhasly \u00fdolba\u015f\u00e7ylygynda amala [&hellip;]<\/p>\n","protected":false},"author":2,"featured_media":157008,"comment_status":"open","ping_status":"closed","sticky":false,"template":"","format":"standard","meta":{"footnotes":""},"categories":[3],"tags":[],"acf":[],"_links":{"self":[{"href":"https:\/\/zamanturkmenistan.com.tm\/index.php?rest_route=\/wp\/v2\/posts\/157007"}],"collection":[{"href":"https:\/\/zamanturkmenistan.com.tm\/index.php?rest_route=\/wp\/v2\/posts"}],"about":[{"href":"https:\/\/zamanturkmenistan.com.tm\/index.php?rest_route=\/wp\/v2\/types\/post"}],"author":[{"embeddable":true,"href":"https:\/\/zamanturkmenistan.com.tm\/index.php?rest_route=\/wp\/v2\/users\/2"}],"replies":[{"embeddable":true,"href":"https:\/\/zamanturkmenistan.com.tm\/index.php?rest_route=%2Fwp%2Fv2%2Fcomments&post=157007"}],"version-history":[{"count":1,"href":"https:\/\/zamanturkmenistan.com.tm\/index.php?rest_route=\/wp\/v2\/posts\/157007\/revisions"}],"predecessor-version":[{"id":157009,"href":"https:\/\/zamanturkmenistan.com.tm\/index.php?rest_route=\/wp\/v2\/posts\/157007\/revisions\/157009"}],"wp:featuredmedia":[{"embeddable":true,"href":"https:\/\/zamanturkmenistan.com.tm\/index.php?rest_route=\/wp\/v2\/media\/157008"}],"wp:attachment":[{"href":"https:\/\/zamanturkmenistan.com.tm\/index.php?rest_route=%2Fwp%2Fv2%2Fmedia&parent=157007"}],"wp:term":[{"taxonomy":"category","embeddable":true,"href":"https:\/\/zamanturkmenistan.com.tm\/index.php?rest_route=%2Fwp%2Fv2%2Fcategories&post=157007"},{"taxonomy":"post_tag","embeddable":true,"href":"https:\/\/zamanturkmenistan.com.tm\/index.php?rest_route=%2Fwp%2Fv2%2Ftags&post=157007"}],"curies":[{"name":"wp","href":"https:\/\/api.w.org\/{rel}","templated":true}]}}