{"id":157563,"date":"2026-01-23T11:38:44","date_gmt":"2026-01-23T06:38:44","guid":{"rendered":"https:\/\/zamanturkmenistan.com.tm\/?p=157563"},"modified":"2026-01-23T11:38:44","modified_gmt":"2026-01-23T06:38:44","slug":"gar-arassalayan-masyn-2","status":"publish","type":"post","link":"https:\/\/zamanturkmenistan.com.tm\/?p=157563","title":{"rendered":"Gar arassala\u00fdan ma\u015fyn"},"content":{"rendered":"<p>Gar aras\u00adsa\u00adla\u00ad\u00fdan ulag\u00adlar il\u00adkin\u00adji ge\u00adzek 1792-nji \u00fdyl\u00adda AB\u015e-ny\u0148 N\u00fdu-Hemp\u00ad\u015fir \u015fta\u00adtyn\u00adda o\u00fd\u00adla\u00adnyp ta\u00adpyl\u00ad\u00fdar. Tir\u00adkeg\u00adli at ara\u00adba\u00adny\u0148 a\u015fa\u00adgy\u00adna ga\u00adry sy\u00adryp gid\u00ad\u00fd\u00e4n ke\u00adse\u00adli\u00adgi\u00adne tag\u00adta ber\u00adki\u00addi\u00adlen bu en\u00adja\u00admy \u00fd\u00f6\u00adri\u00adte i\u015f\u00ad\u00e7i do\u00adlan\u00addy\u00adryp\u00addyr. O\u0148yn ne\u00adti\u00adje ga\u00adza\u00adny\u00adlan\u00adso\u0148, at ara\u00adba\u00adsy\u00adna u\u00e7\u00adbur\u00e7\u00adluk g\u00f6r\u00adn\u00fc\u015f\u00adli tag\u00adta\u00adlar da\u00adky\u00adlyp, il\u00adkin\u00adji gar aras\u00adsa\u00adla\u00ad\u00fdan me\u00adha\u00adnizm pe\u00fd\u00adda bol\u00ad\u00fdar. \u00dc\u00e7\u00adbur\u00e7\u00adluk tag\u00adta ga\u00adry b\u00f6w\u00ads\u00fcp, iki gyra ser\u00adpik\u00addir\u00admek i\u015fi\u00adni \u00fde\u00ad\u0148il\u00adle\u015f\u00addi\u00adrip\u00addir.<br \/>\n1840-njy \u00fdyl\u00adlar\u00adda AB\u015e-da gar aras\u00adsa\u00adla\u00fd\u00adjy de\u00admir \u00fdol ulag\u00adla\u00adry \u00fc\u00e7in pa\u00adtent alyn\u00ad\u00fdar. \u00dc\u00e7\u00adbur\u00e7\u00adluk \u015fe\u00adki\u00adlin\u00add\u00e4\u00adki gar aras\u00adsa\u00adla\u00fd\u00adjy me\u00adha\u00adnizm lo\u00adko\u00admo\u00adti\u00adwi\u0148 \u00f6\u0148 ta\u00adra\u00adpyn\u00adda \u00fder\u00adle\u00ad\u015fip, ga\u00adry iki gy\u00adra ser\u00adpik\u00addi\u00adrip\u00addir. 1913-nji \u00fdyl\u00adda \u00abGo\u00adod Roads Machi\u00adne\u00adry\u00bb kom\u00adpa\u00adni\u00ad\u00fda\u00adsy il\u00adkin\u00adji gar aras\u00adsa\u00adla\u00ad\u00fdan tir\u00adke\u00adgi \u00f6n\u00add\u00fc\u00adr\u00ad\u00fd\u00e4r. Tir\u00adke\u00adgi\u0148 ga\u00adba\u00adra\u00adsy me\u00adtal\u00addan \u00fda\u00adsa\u00adlyp, a\u015fa\u00adgy\u00adna 180 de\u00adre\u00adje a\u00fd\u00adlan\u00ad\u00fdan po\u00adlat \u00f6r\u00adt\u00fck or\u00adna\u015f\u00addy\u00adryl\u00ad\u00fdar. 1920-nji \u00fdyl\u00adlar\u00adda mo\u00adtor\u00adly ulag\u00adla\u00adry\u0148 \u00fda\u00fd\u00adrap ba\u015f\u00adla\u00adma\u00adgy bi\u00adlen, uly \u00fdol\u00adla\u00adra ni\u00ad\u00fdet\u00adle\u00adnen gar sy\u00adry\u00adjy ma\u00ad\u015fy\u00adn d\u00f6\u00adre\u00addil\u00ad\u00fd\u00e4r.<br \/>\nSo\u0148\u00adky \u00fdyl\u00adlar\u00adda a\u00fd\u00adlan\u00ad\u00fdan \u00e7ot\u00adga\u00adlar bi\u00adlen ga\u00adry s\u00fc\u00adp\u00fcr\u00ad\u00fd\u00e4n, \u00f6\u0148\u00fcn\u00add\u00e4\u00adki sus\u00adgu\u00e7 bi\u00adlen so\u00adrup alyp, gap\u00adda\u00adla p\u00fcrk\u00ad\u00fd\u00e4n \u00fda-da \u00fd\u00fck ula\u00adgy\u00adny\u0148 ga\u00adba\u00adra\u00adsy\u00adna gu\u00fd\u00ad\u00fdan, \u00fc\u00fd\u00ad\u015f\u00fc\u00adri\u00adlen ga\u00adry du\u00adran \u00fde\u00adrin\u00adde ere\u00addip, la\u00adgym ul\u00adga\u00admy\u00adna ak\u00addyr\u00ad\u00fdan we ba\u015f\u00adga-de ulu\u00adly-ki\u00ad\u00e7i\u00adli bir\u00adn\u00e4\u00ad\u00e7e \u00fd\u00f6\u00adri\u00adte me\u00adha\u00adnizm\u00adler pe\u00fd\u00adda bol\u00ad\u00fdar.<\/p>\n","protected":false},"excerpt":{"rendered":"<p>Gar aras\u00adsa\u00adla\u00ad\u00fdan ulag\u00adlar il\u00adkin\u00adji ge\u00adzek 1792-nji \u00fdyl\u00adda AB\u015e-ny\u0148 N\u00fdu-Hemp\u00ad\u015fir \u015fta\u00adtyn\u00adda o\u00fd\u00adla\u00adnyp ta\u00adpyl\u00ad\u00fdar. Tir\u00adkeg\u00adli at ara\u00adba\u00adny\u0148 a\u015fa\u00adgy\u00adna ga\u00adry sy\u00adryp gid\u00ad\u00fd\u00e4n ke\u00adse\u00adli\u00adgi\u00adne tag\u00adta ber\u00adki\u00addi\u00adlen bu en\u00adja\u00admy \u00fd\u00f6\u00adri\u00adte i\u015f\u00ad\u00e7i do\u00adlan\u00addy\u00adryp\u00addyr. O\u0148yn ne\u00adti\u00adje ga\u00adza\u00adny\u00adlan\u00adso\u0148, at ara\u00adba\u00adsy\u00adna u\u00e7\u00adbur\u00e7\u00adluk g\u00f6r\u00adn\u00fc\u015f\u00adli tag\u00adta\u00adlar da\u00adky\u00adlyp, il\u00adkin\u00adji gar aras\u00adsa\u00adla\u00ad\u00fdan me\u00adha\u00adnizm pe\u00fd\u00adda bol\u00ad\u00fdar. \u00dc\u00e7\u00adbur\u00e7\u00adluk tag\u00adta ga\u00adry b\u00f6w\u00ads\u00fcp, iki gyra ser\u00adpik\u00addir\u00admek i\u015fi\u00adni \u00fde\u00ad\u0148il\u00adle\u015f\u00addi\u00adrip\u00addir. 1840-njy \u00fdyl\u00adlar\u00adda AB\u015e-da gar [&hellip;]<\/p>\n","protected":false},"author":2,"featured_media":157571,"comment_status":"open","ping_status":"closed","sticky":false,"template":"","format":"standard","meta":{"footnotes":""},"categories":[9],"tags":[],"acf":[],"_links":{"self":[{"href":"https:\/\/zamanturkmenistan.com.tm\/index.php?rest_route=\/wp\/v2\/posts\/157563"}],"collection":[{"href":"https:\/\/zamanturkmenistan.com.tm\/index.php?rest_route=\/wp\/v2\/posts"}],"about":[{"href":"https:\/\/zamanturkmenistan.com.tm\/index.php?rest_route=\/wp\/v2\/types\/post"}],"author":[{"embeddable":true,"href":"https:\/\/zamanturkmenistan.com.tm\/index.php?rest_route=\/wp\/v2\/users\/2"}],"replies":[{"embeddable":true,"href":"https:\/\/zamanturkmenistan.com.tm\/index.php?rest_route=%2Fwp%2Fv2%2Fcomments&post=157563"}],"version-history":[{"count":1,"href":"https:\/\/zamanturkmenistan.com.tm\/index.php?rest_route=\/wp\/v2\/posts\/157563\/revisions"}],"predecessor-version":[{"id":157572,"href":"https:\/\/zamanturkmenistan.com.tm\/index.php?rest_route=\/wp\/v2\/posts\/157563\/revisions\/157572"}],"wp:featuredmedia":[{"embeddable":true,"href":"https:\/\/zamanturkmenistan.com.tm\/index.php?rest_route=\/wp\/v2\/media\/157571"}],"wp:attachment":[{"href":"https:\/\/zamanturkmenistan.com.tm\/index.php?rest_route=%2Fwp%2Fv2%2Fmedia&parent=157563"}],"wp:term":[{"taxonomy":"category","embeddable":true,"href":"https:\/\/zamanturkmenistan.com.tm\/index.php?rest_route=%2Fwp%2Fv2%2Fcategories&post=157563"},{"taxonomy":"post_tag","embeddable":true,"href":"https:\/\/zamanturkmenistan.com.tm\/index.php?rest_route=%2Fwp%2Fv2%2Ftags&post=157563"}],"curies":[{"name":"wp","href":"https:\/\/api.w.org\/{rel}","templated":true}]}}