{"id":158276,"date":"2026-01-30T11:23:09","date_gmt":"2026-01-30T06:23:09","guid":{"rendered":"https:\/\/zamanturkmenistan.com.tm\/?p=158276"},"modified":"2026-01-30T11:23:09","modified_gmt":"2026-01-30T06:23:09","slug":"turkmen-azerbayjan-hyzmatdaslygyny-pugtalandyrmagyn-meseleleri-ara-alnyp-maslahatlasyldy","status":"publish","type":"post","link":"https:\/\/zamanturkmenistan.com.tm\/?p=158276","title":{"rendered":"T\u00fcrkmen-azerba\u00fdjan hyzmatda\u015flygyny pugtalandyrmagy\u0148 meseleleri ara alnyp maslahatla\u015fyldy"},"content":{"rendered":"<p>T\u00fcrkmenistany\u0148 Azerba\u00fdjan Respublikasyndaky Adatdan da\u015fary we Doly ygty\u00fdarly Il\u00e7isi Gurbanm\u00e4mmet El\u00fdasow Azerba\u00fdjan Respublikasyny\u0148 Prezidentini\u0148 k\u00f6mek\u00e7isi, Prezident Diwanyny\u0148 Da\u015fary sy\u00fdasat meseleleri b\u00f6l\u00fcmini\u0148 m\u00fcdiri Hikmet Haji\u00fdew bilen du\u015fu\u015fyk ge\u00e7irdi.<br \/>\nDu\u015fu\u015fygy\u0148 dowamynda taraplar ikitarapla\u00fdyn hyzmatda\u015flygy\u0148 m\u00f6h\u00fcm meseleleri bo\u00fdun\u00e7a pikir aly\u015fdylar hem-de 2025-nji \u00fdyly\u0148 jemlerine \u00fdokary baha berip, ony t\u00fcrkmen-azerba\u00fdjan gatna\u015fyklaryny\u0148 taryhynda t\u00e4ze, a\u00fddy\u0148 sahypa h\u00f6km\u00fcnde bellediler. Ge\u00e7en \u00fdyly\u0148 \u00fdokary derejed\u00e4ki \u00f6zara saparlary, \u015fe\u00fdle hem medeni-ynsanperwer aly\u015fmalary\u0148 i\u015fje\u0148 \u00f6sd\u00fcrilmegi bilen tapawutlanandygy nygtaldy.<br \/>\nT\u00fcrkmenistany\u0148 Prezidenti Serdar Berdimuhamedow bilen Azerba\u00fdjan Respublikasyny\u0148 Prezidenti Ilham Ali\u00fdewi\u0148, \u015fe\u00fdle hem t\u00fcrkmen halkyny\u0148 Milli Lideri, T\u00fcrkmenistany\u0148 Halk Maslahatyny\u0148 Ba\u015flygy Gurbanguly Berdimuhamedowy\u0148 ba\u015flangy\u00e7lary netijesinde ikitarapla\u00fdyn gatna\u015fyklary\u0148 doganlyk we strategik hyzmatda\u015flyk ruhunda \u00f6sd\u00fcril\u00fd\u00e4ndigi a\u00fdratyn bellenildi. Energetika, ulag (\u015fol sanda Orta ge\u00e7elg\u00e4ni\u0148 \u00e7\u00e4klerinde), s\u00f6wda we medeni ulgamlarda hyzmatda\u015flygy\u0148 i\u015fje\u0148 pugtalan\u00fdandygy nygtaldy.<br \/>\n\u015ee\u00fdle hem du\u015fu\u015fygy\u0148 dowamynda 2026-njy \u00fdylda T\u00fcrkmenistanda we Azerba\u00fdjan Respublikasynda ge\u00e7irilmegi me\u00fdille\u015fdiril\u00fd\u00e4n halkara forumlar, du\u015fu\u015fyklar we be\u00fdleki \u00e7\u00e4reler bilen bagly meseleler ara alnyp maslahatla\u015fyldy.<br \/>\nDu\u015fu\u015fykda 2026-njy \u00fdyly\u0148 g\u00fc\u00fdz\u00fcnde T\u00fcrkmenistanda ge\u00e7iriljek Merkezi Azi\u00fda d\u00f6wletlerini\u0148 we Azerba\u00fdjany\u0148 d\u00f6wlet Ba\u015ftutanlaryny\u0148 8-nji Konsultatiw du\u015fu\u015fygyna a\u00fdratyn \u00e4hmi\u00fdet berildi. Azerba\u00fdjany\u0148 bu hyzmatda\u015flyk formatyny\u0148 doly hukukly agzasy h\u00f6km\u00fcnde ilkinji gezek gatna\u015fmagyny\u0148 sebit hyzmatda\u015flygyny we dialogy mundan be\u00fdl\u00e4k-de pugtalandyrmakda m\u00f6h\u00fcm \u00e4dim boljakdygy nygtaldy.<\/p>\n","protected":false},"excerpt":{"rendered":"<p>T\u00fcrkmenistany\u0148 Azerba\u00fdjan Respublikasyndaky Adatdan da\u015fary we Doly ygty\u00fdarly Il\u00e7isi Gurbanm\u00e4mmet El\u00fdasow Azerba\u00fdjan Respublikasyny\u0148 Prezidentini\u0148 k\u00f6mek\u00e7isi, Prezident Diwanyny\u0148 Da\u015fary sy\u00fdasat meseleleri b\u00f6l\u00fcmini\u0148 m\u00fcdiri Hikmet Haji\u00fdew bilen du\u015fu\u015fyk ge\u00e7irdi. Du\u015fu\u015fygy\u0148 dowamynda taraplar ikitarapla\u00fdyn hyzmatda\u015flygy\u0148 m\u00f6h\u00fcm meseleleri bo\u00fdun\u00e7a pikir aly\u015fdylar hem-de 2025-nji \u00fdyly\u0148 jemlerine \u00fdokary baha berip, ony t\u00fcrkmen-azerba\u00fdjan gatna\u015fyklaryny\u0148 taryhynda t\u00e4ze, a\u00fddy\u0148 sahypa h\u00f6km\u00fcnde bellediler. Ge\u00e7en \u00fdyly\u0148 [&hellip;]<\/p>\n","protected":false},"author":2,"featured_media":158277,"comment_status":"open","ping_status":"closed","sticky":false,"template":"","format":"standard","meta":{"footnotes":""},"categories":[3],"tags":[],"acf":[],"_links":{"self":[{"href":"https:\/\/zamanturkmenistan.com.tm\/index.php?rest_route=\/wp\/v2\/posts\/158276"}],"collection":[{"href":"https:\/\/zamanturkmenistan.com.tm\/index.php?rest_route=\/wp\/v2\/posts"}],"about":[{"href":"https:\/\/zamanturkmenistan.com.tm\/index.php?rest_route=\/wp\/v2\/types\/post"}],"author":[{"embeddable":true,"href":"https:\/\/zamanturkmenistan.com.tm\/index.php?rest_route=\/wp\/v2\/users\/2"}],"replies":[{"embeddable":true,"href":"https:\/\/zamanturkmenistan.com.tm\/index.php?rest_route=%2Fwp%2Fv2%2Fcomments&post=158276"}],"version-history":[{"count":1,"href":"https:\/\/zamanturkmenistan.com.tm\/index.php?rest_route=\/wp\/v2\/posts\/158276\/revisions"}],"predecessor-version":[{"id":158278,"href":"https:\/\/zamanturkmenistan.com.tm\/index.php?rest_route=\/wp\/v2\/posts\/158276\/revisions\/158278"}],"wp:featuredmedia":[{"embeddable":true,"href":"https:\/\/zamanturkmenistan.com.tm\/index.php?rest_route=\/wp\/v2\/media\/158277"}],"wp:attachment":[{"href":"https:\/\/zamanturkmenistan.com.tm\/index.php?rest_route=%2Fwp%2Fv2%2Fmedia&parent=158276"}],"wp:term":[{"taxonomy":"category","embeddable":true,"href":"https:\/\/zamanturkmenistan.com.tm\/index.php?rest_route=%2Fwp%2Fv2%2Fcategories&post=158276"},{"taxonomy":"post_tag","embeddable":true,"href":"https:\/\/zamanturkmenistan.com.tm\/index.php?rest_route=%2Fwp%2Fv2%2Ftags&post=158276"}],"curies":[{"name":"wp","href":"https:\/\/api.w.org\/{rel}","templated":true}]}}