{"id":158282,"date":"2026-01-30T11:29:17","date_gmt":"2026-01-30T06:29:17","guid":{"rendered":"https:\/\/zamanturkmenistan.com.tm\/?p=158282"},"modified":"2026-01-30T11:29:17","modified_gmt":"2026-01-30T06:29:17","slug":"biskekde-2026-njy-yylyn-sygaryna-bagyslanylan-care-gecirildi","status":"publish","type":"post","link":"https:\/\/zamanturkmenistan.com.tm\/?p=158282","title":{"rendered":"Bi\u015fkekde 2026-njy \u00fdyly\u0148 \u015fygaryna bagy\u015flanylan \u00e7\u00e4re ge\u00e7irildi"},"content":{"rendered":"<p>28-nji \u00fdanwarda T\u00fcrkmenistany\u0148 Gyrgyz Respublikasyndaky Il\u00e7ihanasynda 2026-njy \u00fdyly\u0148 T\u00fcrkmenistanda \u00abGara\u015fsyz, baky Bitarap T\u00fcrkmenistan \u2013 bedew batly at-myrady\u0148 mekany\u00bb \u00fdyly di\u00fdip yglan edilmegi mynasybetli \u00e7\u00e4re ge\u00e7irildi. \u015ee\u00fdle hem \u00e7\u00e4r\u00e4ni\u0148 dowamynda T\u00fcrkmenistany\u0148 Prezidenti Serdar Berdimuhamedowy\u0148 \u00abT\u00fcrkmenistany\u0148 Bitaraplygy \u2013 parahat\u00e7ylygy\u0148 we ynany\u015fmagy\u0148 a\u00fddy\u0148 \u00fdoly\u00bb atly t\u00e4ze kitabyny\u0148 tany\u015fdyryly\u015f dabarasy boldy.<br \/>\n\u00c7\u00e4r\u00e4 t\u00fcrkmen diasporasyny\u0148 wekilleri we Gyrgyz Respublikasyny\u0148 \u00fdokary okuw ja\u00fdlarynda oka\u00fdan t\u00fcrkmenistanly talyplar gatna\u015fdylar.<br \/>\n\u00c7\u00e4r\u00e4 gatna\u015fyjylar \u00f6z \u00e7yky\u015flarynda \u00fdyly\u0148 \u015fygaryny\u0148 \u00fdurdu\u0148 \u00f6zygty\u00fdarlylygyny we halkara abra\u00fdyny has-da berkitmek \u00fc\u00e7in \u00e4hmi\u00fdetini\u0148 uludygy barada gi\u0148i\u015fle\u00fdin g\u00fcrr\u00fc\u0148 berip, t\u00fcrkmen bedewlerini\u0148 T\u00fcrkmenistany\u0148 \u00fdokary depginli \u00f6s\u00fc\u015fini we belent arzuwlaryny \u00f6z\u00fcnde jemle\u00fd\u00e4ndigi barada bellediler.<br \/>\nDabarany\u0148 \u00e7\u00e4klerinde T\u00fcrkmenistany\u0148 Prezidenti Serdar Berdimuhamedowy\u0148 t\u00e4ze kitabyna a\u00fdratyn \u00e4hmi\u00fdet berildi. \u00c7yky\u015f edenler onu\u0148 parahat\u00e7ylygy\u0148, ynany\u015fmagy\u0148 we durnukly \u00f6s\u00fc\u015fi\u0148 esasy h\u00f6km\u00fcnde bitaraplyk \u00fd\u00f6relgelerine d\u00fc\u015f\u00fcnm\u00e4ge go\u015fan go\u015fandyny nygtadylar. Kitapda be\u00fdan edilen pikirleri\u0148 netijeli da\u015fary sy\u00fdasaty\u0148 kemala gelmegi we ho\u015fni\u00fdetli go\u0148\u015fu\u00e7ylyk gatna\u015fyklaryny\u0148 \u00f6sd\u00fcrilmegi \u00fc\u00e7in \u00e4hmi\u00fdetlidigi bellenildi.<br \/>\n\u00c7\u00e4r\u00e4 gatna\u015fyjylar 2026-njy \u00fdyly\u0148 \u015fygaryny\u0148 T\u00fcrkmenistany\u0148 d\u00fcn\u00fd\u00e4 derejesinde e\u00fdele\u00fd\u00e4n ornuny berkitmekde we onu\u0148 parahat\u00e7ylyk s\u00f6\u00fd\u00fcjilik da\u015fary sy\u00fdasat ugruny \u00f6\u0148e s\u00fcrmek \u00fc\u00e7in g\u00fc\u00fd\u00e7li itergi boljakdygyny be\u00fdan etdiler.<br \/>\n\u00c7\u00e4re gyzgala\u0148ly pikir aly\u015fmalar bilen tamamlandy, onu\u0148 dowamynda talyplar we diaspora wekilleri \u00f6z \u00fdurduny\u0148 \u00fcst\u00fcnliklerine uly bu\u00fdsan\u00e7 du\u00fdgularyny be\u00fdan etdiler.<\/p>\n","protected":false},"excerpt":{"rendered":"<p>28-nji \u00fdanwarda T\u00fcrkmenistany\u0148 Gyrgyz Respublikasyndaky Il\u00e7ihanasynda 2026-njy \u00fdyly\u0148 T\u00fcrkmenistanda \u00abGara\u015fsyz, baky Bitarap T\u00fcrkmenistan \u2013 bedew batly at-myrady\u0148 mekany\u00bb \u00fdyly di\u00fdip yglan edilmegi mynasybetli \u00e7\u00e4re ge\u00e7irildi. \u015ee\u00fdle hem \u00e7\u00e4r\u00e4ni\u0148 dowamynda T\u00fcrkmenistany\u0148 Prezidenti Serdar Berdimuhamedowy\u0148 \u00abT\u00fcrkmenistany\u0148 Bitaraplygy \u2013 parahat\u00e7ylygy\u0148 we ynany\u015fmagy\u0148 a\u00fddy\u0148 \u00fdoly\u00bb atly t\u00e4ze kitabyny\u0148 tany\u015fdyryly\u015f dabarasy boldy. \u00c7\u00e4r\u00e4 t\u00fcrkmen diasporasyny\u0148 wekilleri we Gyrgyz Respublikasyny\u0148 \u00fdokary [&hellip;]<\/p>\n","protected":false},"author":2,"featured_media":158283,"comment_status":"open","ping_status":"closed","sticky":false,"template":"","format":"standard","meta":{"footnotes":""},"categories":[3],"tags":[],"acf":[],"_links":{"self":[{"href":"https:\/\/zamanturkmenistan.com.tm\/index.php?rest_route=\/wp\/v2\/posts\/158282"}],"collection":[{"href":"https:\/\/zamanturkmenistan.com.tm\/index.php?rest_route=\/wp\/v2\/posts"}],"about":[{"href":"https:\/\/zamanturkmenistan.com.tm\/index.php?rest_route=\/wp\/v2\/types\/post"}],"author":[{"embeddable":true,"href":"https:\/\/zamanturkmenistan.com.tm\/index.php?rest_route=\/wp\/v2\/users\/2"}],"replies":[{"embeddable":true,"href":"https:\/\/zamanturkmenistan.com.tm\/index.php?rest_route=%2Fwp%2Fv2%2Fcomments&post=158282"}],"version-history":[{"count":1,"href":"https:\/\/zamanturkmenistan.com.tm\/index.php?rest_route=\/wp\/v2\/posts\/158282\/revisions"}],"predecessor-version":[{"id":158284,"href":"https:\/\/zamanturkmenistan.com.tm\/index.php?rest_route=\/wp\/v2\/posts\/158282\/revisions\/158284"}],"wp:featuredmedia":[{"embeddable":true,"href":"https:\/\/zamanturkmenistan.com.tm\/index.php?rest_route=\/wp\/v2\/media\/158283"}],"wp:attachment":[{"href":"https:\/\/zamanturkmenistan.com.tm\/index.php?rest_route=%2Fwp%2Fv2%2Fmedia&parent=158282"}],"wp:term":[{"taxonomy":"category","embeddable":true,"href":"https:\/\/zamanturkmenistan.com.tm\/index.php?rest_route=%2Fwp%2Fv2%2Fcategories&post=158282"},{"taxonomy":"post_tag","embeddable":true,"href":"https:\/\/zamanturkmenistan.com.tm\/index.php?rest_route=%2Fwp%2Fv2%2Ftags&post=158282"}],"curies":[{"name":"wp","href":"https:\/\/api.w.org\/{rel}","templated":true}]}}