{"id":158285,"date":"2026-01-30T12:12:47","date_gmt":"2026-01-30T07:12:47","guid":{"rendered":"https:\/\/zamanturkmenistan.com.tm\/?p=158285"},"modified":"2026-01-30T12:12:47","modified_gmt":"2026-01-30T07:12:47","slug":"germaniyanyn-asgabatdaky-ilcihanasy-hukuk-we-konsullyk-bolumi-ucin-isgar-gozleyar","status":"publish","type":"post","link":"https:\/\/zamanturkmenistan.com.tm\/?p=158285","title":{"rendered":"Germani\u00fdany\u0148 A\u015fgabatdaky Il\u00e7ihanasy Hukuk we Konsullyk b\u00f6l\u00fcmi \u00fc\u00e7in i\u015fg\u00e4r g\u00f6zle\u00fd\u00e4r"},"content":{"rendered":"<p>Germani\u00fdany\u0148 T\u00fcrkmenistandaky Il\u00e7ihanasy 2026-njy \u00fdyly\u0148 ma\u00fd a\u00fdyndan ba\u015flap Hukuk we Konsullyk b\u00f6l\u00fcminde i\u015flemek \u00fc\u00e7in bir \u00fda-da iki sany i\u015fg\u00e4r kabul etjekdigini m\u00e4lim etdi.<\/p>\n<p>Il\u00e7ihanany\u0148 maglumatyna g\u00f6r\u00e4, t\u00e4ze i\u015fg\u00e4rleri\u0148 esasy wezipeleri \u00fd\u00fcz tutujylar bilen g\u00f6ni aragatna\u015fykda bolmak we konsullyk hyzmatlaryny\u0148 \u00fderine \u00fdetirilmegine gatna\u015fmakdan ybarat bolar.<\/p>\n<p><em><strong>Esasy i\u015f ugurlary \u015fulardan ybarat:<\/strong><\/em><\/p>\n<p>Nemes, t\u00fcrkmen we rus dillerinde \u00fd\u00fcz tutujylary kabul etmek<\/p>\n<p>Wiza arzalaryny kabul etmek we olary i\u015flemek<\/p>\n<p>\u00dd\u00fcz tutujylar bilen hat aly\u015fmak we telefon arkaly habarla\u015fmak<\/p>\n<p>Wiza resminamalaryny tertiplemek we arhiwlemek<\/p>\n<p>Il\u00e7ihana bu wezip\u00e4 gyzyklanma bildir\u00fd\u00e4n dala\u015fg\u00e4rleri gi\u0148i\u015fle\u00fdin maglumat bilen tany\u015fmak \u00fc\u00e7in resmi web sahypasyna \u00fd\u00fczlenm\u00e4ge \u00e7agyr\u00fdar. Barlag \u00fc\u00e7in baglany\u015fyk Il\u00e7ihanany\u0148 profilinde \u00fderle\u015fdirilen.<\/p>\n<p><a href=\"https:\/\/aschgabat.diplo.de\/tm-ru\">https:\/\/aschgabat.diplo.de\/tm-ru<\/a><\/p>\n","protected":false},"excerpt":{"rendered":"<p>Germani\u00fdany\u0148 T\u00fcrkmenistandaky Il\u00e7ihanasy 2026-njy \u00fdyly\u0148 ma\u00fd a\u00fdyndan ba\u015flap Hukuk we Konsullyk b\u00f6l\u00fcminde i\u015flemek \u00fc\u00e7in bir \u00fda-da iki sany i\u015fg\u00e4r kabul etjekdigini m\u00e4lim etdi. Il\u00e7ihanany\u0148 maglumatyna g\u00f6r\u00e4, t\u00e4ze i\u015fg\u00e4rleri\u0148 esasy wezipeleri \u00fd\u00fcz tutujylar bilen g\u00f6ni aragatna\u015fykda bolmak we konsullyk hyzmatlaryny\u0148 \u00fderine \u00fdetirilmegine gatna\u015fmakdan ybarat bolar. Esasy i\u015f ugurlary \u015fulardan ybarat: Nemes, t\u00fcrkmen we rus dillerinde \u00fd\u00fcz [&hellip;]<\/p>\n","protected":false},"author":2,"featured_media":158286,"comment_status":"open","ping_status":"closed","sticky":false,"template":"","format":"standard","meta":{"footnotes":""},"categories":[8273],"tags":[],"acf":[],"_links":{"self":[{"href":"https:\/\/zamanturkmenistan.com.tm\/index.php?rest_route=\/wp\/v2\/posts\/158285"}],"collection":[{"href":"https:\/\/zamanturkmenistan.com.tm\/index.php?rest_route=\/wp\/v2\/posts"}],"about":[{"href":"https:\/\/zamanturkmenistan.com.tm\/index.php?rest_route=\/wp\/v2\/types\/post"}],"author":[{"embeddable":true,"href":"https:\/\/zamanturkmenistan.com.tm\/index.php?rest_route=\/wp\/v2\/users\/2"}],"replies":[{"embeddable":true,"href":"https:\/\/zamanturkmenistan.com.tm\/index.php?rest_route=%2Fwp%2Fv2%2Fcomments&post=158285"}],"version-history":[{"count":1,"href":"https:\/\/zamanturkmenistan.com.tm\/index.php?rest_route=\/wp\/v2\/posts\/158285\/revisions"}],"predecessor-version":[{"id":158287,"href":"https:\/\/zamanturkmenistan.com.tm\/index.php?rest_route=\/wp\/v2\/posts\/158285\/revisions\/158287"}],"wp:featuredmedia":[{"embeddable":true,"href":"https:\/\/zamanturkmenistan.com.tm\/index.php?rest_route=\/wp\/v2\/media\/158286"}],"wp:attachment":[{"href":"https:\/\/zamanturkmenistan.com.tm\/index.php?rest_route=%2Fwp%2Fv2%2Fmedia&parent=158285"}],"wp:term":[{"taxonomy":"category","embeddable":true,"href":"https:\/\/zamanturkmenistan.com.tm\/index.php?rest_route=%2Fwp%2Fv2%2Fcategories&post=158285"},{"taxonomy":"post_tag","embeddable":true,"href":"https:\/\/zamanturkmenistan.com.tm\/index.php?rest_route=%2Fwp%2Fv2%2Ftags&post=158285"}],"curies":[{"name":"wp","href":"https:\/\/api.w.org\/{rel}","templated":true}]}}