{"id":158528,"date":"2026-02-01T19:03:23","date_gmt":"2026-02-01T14:03:23","guid":{"rendered":"https:\/\/zamanturkmenistan.com.tm\/?p=158528"},"modified":"2026-02-01T19:03:23","modified_gmt":"2026-02-01T14:03:23","slug":"bagy-bossan-watanym-atly-doredijilik-baslesigi-yglan-edildi","status":"publish","type":"post","link":"https:\/\/zamanturkmenistan.com.tm\/?p=158528","title":{"rendered":"\u201cBagy-bossan Watanym!\u201d atly d\u00f6redijilik b\u00e4sle\u015figi yglan edildi"},"content":{"rendered":"<p>\u201c\u00dda\u015f tebigat\u00e7y\u201d jemgy\u00fdet\u00e7ilik guramasy hem-de \u201cWatan\u201d gazetini\u0148 redaksi\u00fdasy bilelikde mukaddes Gara\u015fsyzlygymyzy\u0148 35 \u00fdyllygy mynasybetli \u201cBagy-bossan Watanym!\u201d atly d\u00f6redijilik b\u00e4sle\u015figini yglan etdi.<br \/>\nB\u00e4sle\u015figi\u0148 maksady eziz Di\u00fdarymyzda tebigaty\u0148 g\u00f6zelliklerini gorap saklamak, onu\u0148 ba\u00fdlyklaryndan rejeli pe\u00fddalanmak, da\u015fky gur\u015fawy\u0148 abadan\u00e7ylygyna go\u015fant go\u015fmak, \u00fda\u015f nesillerde ekologi\u00fda medeni\u00fdetini kemala getirmek bo\u00fdun\u00e7a alnyp baryl\u00fdan i\u015fleri gazet sahypalarynda \u015f\u00f6hlelendirmek bolup dur\u00fdar.<br \/>\n\u201c\u00dda\u015f tebigat\u00e7y\u201d jemgy\u00fdet\u00e7ilik guramasyny\u0148 resmi agzalary \u00f6\u0148 metbugat sahypalarynda \u00e7ap edilmedik we ba\u015fga b\u00e4sle\u015fiklere h\u00f6d\u00fcrlenmedik makalalaryny, \u015fygyr, kyssa hem-de d\u00fcrli \u017eanrlarda \u00fdazylan eserlerini b\u00e4sle\u015fige h\u00f6d\u00fcrl\u00e4p bilerler.<br \/>\nH\u00f6d\u00fcrlenjek eserleri\u0148 mazmuny \u00fdurdumyzda \u201c\u00fda\u015fyl\u201d \u00f6s\u00fc\u015fe g\u00f6n\u00fckdirilen i\u015fler, Gara\u015fsyz Watanymyzda parahat\u00e7ylyk we tebigaty\u0148 abadan\u00e7ylygy, her bir adamy\u0148 g\u00fcndelik durmu\u015fynda tebigaty goramaga go\u015fup bil\u00fd\u00e4n go\u015fandy, \u015fe\u00fdle hem \u201cGara\u015fsyz, baky Bitarap T\u00fcrkmenistan \u2013 bedew batly at-myrady\u0148 mekany\u201d di\u00fdlip atlandyrylan 2026-njy \u00fdylda alnyp baryl\u00fdan i\u015fler bilen bagly bolup biler.<br \/>\nB\u00e4sle\u015fige gatna\u015fyjylar h\u00f6d\u00fcrle\u00fd\u00e4n eserlerini\u0148 \u00fdanyna \u00f6zleri hakyndaky maglumaty (oka\u00fdan, i\u015fle\u00fd\u00e4n, \u00fda\u015fa\u00fdan \u00fderini\u0148 salgysyny, i\u015f, \u00f6\u00fd \u00fda-da el telefonyny) go\u015fmaly.<br \/>\nH\u00f6d\u00fcrlenjek eserleri \u201cBagy-bossan Watanym!\u201d atly d\u00f6redijilik b\u00e4sle\u015figine\u201d di\u00fden \u00fdazgy bilen watan@sanly.tm elektron po\u00e7tasyna 2026-njy \u00fdyly\u0148 16-njy sent\u00fdabryna \u00e7enli ibermeli.<br \/>\nB\u00e4sle\u015figi\u0148 jemi 2026-njy \u00fdyly\u0148 sent\u00fdabr a\u00fdynda jemlener we \u00fde\u0148ijilere Hormat hatlary, ba\u00fdraklar gow\u015furylar.<br \/>\nHabarla\u015fmak \u00fc\u00e7in telefon belgileri: (+993 12) 38-61-05, 38-61-07, 38-61-16, 38-61-17, 39-84-30.<\/p>\n","protected":false},"excerpt":{"rendered":"<p>\u201c\u00dda\u015f tebigat\u00e7y\u201d jemgy\u00fdet\u00e7ilik guramasy hem-de \u201cWatan\u201d gazetini\u0148 redaksi\u00fdasy bilelikde mukaddes Gara\u015fsyzlygymyzy\u0148 35 \u00fdyllygy mynasybetli \u201cBagy-bossan Watanym!\u201d atly d\u00f6redijilik b\u00e4sle\u015figini yglan etdi. B\u00e4sle\u015figi\u0148 maksady eziz Di\u00fdarymyzda tebigaty\u0148 g\u00f6zelliklerini gorap saklamak, onu\u0148 ba\u00fdlyklaryndan rejeli pe\u00fddalanmak, da\u015fky gur\u015fawy\u0148 abadan\u00e7ylygyna go\u015fant go\u015fmak, \u00fda\u015f nesillerde ekologi\u00fda medeni\u00fdetini kemala getirmek bo\u00fdun\u00e7a alnyp baryl\u00fdan i\u015fleri gazet sahypalarynda \u015f\u00f6hlelendirmek bolup dur\u00fdar. \u201c\u00dda\u015f tebigat\u00e7y\u201d [&hellip;]<\/p>\n","protected":false},"author":2,"featured_media":158529,"comment_status":"open","ping_status":"closed","sticky":false,"template":"","format":"standard","meta":{"footnotes":""},"categories":[8273],"tags":[],"acf":[],"_links":{"self":[{"href":"https:\/\/zamanturkmenistan.com.tm\/index.php?rest_route=\/wp\/v2\/posts\/158528"}],"collection":[{"href":"https:\/\/zamanturkmenistan.com.tm\/index.php?rest_route=\/wp\/v2\/posts"}],"about":[{"href":"https:\/\/zamanturkmenistan.com.tm\/index.php?rest_route=\/wp\/v2\/types\/post"}],"author":[{"embeddable":true,"href":"https:\/\/zamanturkmenistan.com.tm\/index.php?rest_route=\/wp\/v2\/users\/2"}],"replies":[{"embeddable":true,"href":"https:\/\/zamanturkmenistan.com.tm\/index.php?rest_route=%2Fwp%2Fv2%2Fcomments&post=158528"}],"version-history":[{"count":1,"href":"https:\/\/zamanturkmenistan.com.tm\/index.php?rest_route=\/wp\/v2\/posts\/158528\/revisions"}],"predecessor-version":[{"id":158530,"href":"https:\/\/zamanturkmenistan.com.tm\/index.php?rest_route=\/wp\/v2\/posts\/158528\/revisions\/158530"}],"wp:featuredmedia":[{"embeddable":true,"href":"https:\/\/zamanturkmenistan.com.tm\/index.php?rest_route=\/wp\/v2\/media\/158529"}],"wp:attachment":[{"href":"https:\/\/zamanturkmenistan.com.tm\/index.php?rest_route=%2Fwp%2Fv2%2Fmedia&parent=158528"}],"wp:term":[{"taxonomy":"category","embeddable":true,"href":"https:\/\/zamanturkmenistan.com.tm\/index.php?rest_route=%2Fwp%2Fv2%2Fcategories&post=158528"},{"taxonomy":"post_tag","embeddable":true,"href":"https:\/\/zamanturkmenistan.com.tm\/index.php?rest_route=%2Fwp%2Fv2%2Ftags&post=158528"}],"curies":[{"name":"wp","href":"https:\/\/api.w.org\/{rel}","templated":true}]}}