{"id":158540,"date":"2026-02-02T11:12:13","date_gmt":"2026-02-02T06:12:13","guid":{"rendered":"https:\/\/zamanturkmenistan.com.tm\/?p=158540"},"modified":"2026-02-02T11:12:13","modified_gmt":"2026-02-02T06:12:13","slug":"dubayda-dunyanin-ilkinji-altyn-kocesi-gurlar","status":"publish","type":"post","link":"https:\/\/zamanturkmenistan.com.tm\/?p=158540","title":{"rendered":"Duba\u00fdda d\u00fcn\u00fd\u00e4ni\u0148 ilkinji \u201caltyn k\u00f6\u00e7esi\u201d gurlar"},"content":{"rendered":"<p>Duba\u00fdy\u0148 Emirligi altyn da\u015flardan d\u00fc\u015felen k\u00f6\u00e7e gurmak\u00e7y bol\u00fdar, ol t\u00e4ze \u201caltyn m\u00e4hell\u00e4ni\u0148\u201d bir b\u00f6legi bolmak bilen, sy\u00fdahat\u00e7ylara we zerg\u00e4r\u00e7ilik senagatyna bagy\u015flanar.<br \/>\nTaslamada iki\u00fdan tarapynda ka\u015fa\u0148 d\u00fckanlar bolan we a\u00fdak astynda arassa altynly k\u00f6\u00e7\u00e4ni\u0148 gurlu\u015fygyny \u00f6z\u00fcnde jemle\u00fd\u00e4r. Onda altyn, zerg\u00e4r\u00e7ilik \u00f6n\u00fcmleridir \u00fd\u00fcz bo\u00fdag seri\u015fdeleri satyl\u00fdan 1 m\u00fc\u0148e gola\u00fd d\u00fckan \u00fderle\u015fer. \u015ee\u00fdle-de alty sany t\u00e4ze d\u00f6wrebap myhmanhana bina ediler.<br \/>\n-Altyn Duba\u00fdy\u0148 medeni we ykdysady durmu\u015fyna \u00e7u\u0148\u0148ur orna\u015fmak bilen, bizi\u0148 mirasymyzy\u0148, g\u00fcll\u00e4p \u00f6s\u00fc\u015fimizi\u0148 hem-de teleke\u00e7ilik ruhumyzy\u0148 ny\u015fany bolup dur\u00fdar. Bu t\u00e4zelik\u00e7i taslama arkaly biz di\u0148e bir bu mirasa sarpa go\u00fdmak bilen \u00e7\u00e4klenm\u00e4n, onu\u0148 t\u00e4ze d\u00f6w\u00fcr \u00fc\u00e7in gadyr-gymmatyna baha bermek isle\u00fd\u00e4ris &#8211; di\u00fdip, Duba\u00fdy\u0148 sy\u00fdahat\u00e7ylyk bo\u00fdun\u00e7a menejeri Ahmed al-Haja belledi.<br \/>\nT\u00e4ze zolak \u015f\u00e4heri\u0148 gadymy bazarlaryny\u0148 birini\u0148 gola\u00fdynda \u00fderle\u015fer. Altyn k\u00f6\u00e7\u00e4ni\u0148 gurlu\u015fygyny\u0148 ha\u00e7an tamamlanjakdygy heniz belli d\u00e4l.<\/p>\n","protected":false},"excerpt":{"rendered":"<p>Duba\u00fdy\u0148 Emirligi altyn da\u015flardan d\u00fc\u015felen k\u00f6\u00e7e gurmak\u00e7y bol\u00fdar, ol t\u00e4ze \u201caltyn m\u00e4hell\u00e4ni\u0148\u201d bir b\u00f6legi bolmak bilen, sy\u00fdahat\u00e7ylara we zerg\u00e4r\u00e7ilik senagatyna bagy\u015flanar. Taslamada iki\u00fdan tarapynda ka\u015fa\u0148 d\u00fckanlar bolan we a\u00fdak astynda arassa altynly k\u00f6\u00e7\u00e4ni\u0148 gurlu\u015fygyny \u00f6z\u00fcnde jemle\u00fd\u00e4r. Onda altyn, zerg\u00e4r\u00e7ilik \u00f6n\u00fcmleridir \u00fd\u00fcz bo\u00fdag seri\u015fdeleri satyl\u00fdan 1 m\u00fc\u0148e gola\u00fd d\u00fckan \u00fderle\u015fer. \u015ee\u00fdle-de alty sany t\u00e4ze d\u00f6wrebap myhmanhana [&hellip;]<\/p>\n","protected":false},"author":2,"featured_media":158541,"comment_status":"open","ping_status":"closed","sticky":false,"template":"","format":"standard","meta":{"footnotes":""},"categories":[5],"tags":[],"acf":[],"_links":{"self":[{"href":"https:\/\/zamanturkmenistan.com.tm\/index.php?rest_route=\/wp\/v2\/posts\/158540"}],"collection":[{"href":"https:\/\/zamanturkmenistan.com.tm\/index.php?rest_route=\/wp\/v2\/posts"}],"about":[{"href":"https:\/\/zamanturkmenistan.com.tm\/index.php?rest_route=\/wp\/v2\/types\/post"}],"author":[{"embeddable":true,"href":"https:\/\/zamanturkmenistan.com.tm\/index.php?rest_route=\/wp\/v2\/users\/2"}],"replies":[{"embeddable":true,"href":"https:\/\/zamanturkmenistan.com.tm\/index.php?rest_route=%2Fwp%2Fv2%2Fcomments&post=158540"}],"version-history":[{"count":1,"href":"https:\/\/zamanturkmenistan.com.tm\/index.php?rest_route=\/wp\/v2\/posts\/158540\/revisions"}],"predecessor-version":[{"id":158542,"href":"https:\/\/zamanturkmenistan.com.tm\/index.php?rest_route=\/wp\/v2\/posts\/158540\/revisions\/158542"}],"wp:featuredmedia":[{"embeddable":true,"href":"https:\/\/zamanturkmenistan.com.tm\/index.php?rest_route=\/wp\/v2\/media\/158541"}],"wp:attachment":[{"href":"https:\/\/zamanturkmenistan.com.tm\/index.php?rest_route=%2Fwp%2Fv2%2Fmedia&parent=158540"}],"wp:term":[{"taxonomy":"category","embeddable":true,"href":"https:\/\/zamanturkmenistan.com.tm\/index.php?rest_route=%2Fwp%2Fv2%2Fcategories&post=158540"},{"taxonomy":"post_tag","embeddable":true,"href":"https:\/\/zamanturkmenistan.com.tm\/index.php?rest_route=%2Fwp%2Fv2%2Ftags&post=158540"}],"curies":[{"name":"wp","href":"https:\/\/api.w.org\/{rel}","templated":true}]}}