{"id":158583,"date":"2026-01-30T12:49:35","date_gmt":"2026-01-30T07:49:35","guid":{"rendered":"https:\/\/zamanturkmenistan.com.tm\/?p=158583"},"modified":"2026-02-02T12:50:35","modified_gmt":"2026-02-02T07:50:35","slug":"turkmenistan-awiakompaniyasy-halkara-gatnawlaryn-tertibini-tazeledi","status":"publish","type":"post","link":"https:\/\/zamanturkmenistan.com.tm\/?p=158583","title":{"rendered":"\u00abT\u00fcrkmenistan\u00bb awiakompani\u00fdasy halkara gatnawlary\u0148 tertibini t\u00e4zeledi"},"content":{"rendered":"<p>\u00abT\u00fcrkmenistan\u00bb awiakompani\u00fdasy 25-nji \u00fdanwardan ba\u015flap g\u00fc\u00fdje gir\u00fd\u00e4n halkara u\u00e7ar gatnawlaryny\u0148 t\u00e4zelenen tertibini \u00e7ap etdi. A\u015fgabatdan \u00ddakyn G\u00fcndogar, Azi\u00fda\u2013\u00dduwa\u015f umman sebitini\u0148 we \u00ddewropany\u0148 \u00fdurtlaryny \u00f6z i\u00e7ine al\u00fdan 14 \u015f\u00e4here yzygiderli gatnawlar amala a\u015fyryl\u00fdar.<br \/>\nAwiakompani\u00fdany\u0148 resmi sa\u00fdtynda \u00fderle\u015fdirilen maglumata g\u00f6r\u00e4, A\u015fgabady\u0148 halkara howa menzilinden Birle\u015fen Arap Emirliklerine (Duba\u00fd, Abu-Dabi), Saud Arabystanyna (Jidda), Hindistana (Deli), Hyta\u00fda (Pekin), Ta\u00fdlanda (Bangkok), W\u00fdetnama (Ho\u015fimin), Mala\u00fdzi\u00fda (Kuala-Lumpur), Kore\u00fda Respublikasyna (Seul), Be\u00fdik Britani\u00fda (London), Germani\u00fda (Frankfurt), Itali\u00fda (Milan), Russi\u00fda Federasi\u00fdasyna (Kazan) we T\u00fcrki\u00fd\u00e4 (Stambul) u\u00e7ar gatnawlary yzygiderli \u00fderine \u00fdetiril\u00fd\u00e4r.<br \/>\nI\u0148 k\u00f6p gatnaw Stambul hem-de Kazan ugurlaryna amala a\u015fyrylar. Pars a\u00fdlagyny\u0148 \u00fdurtlaryna hepdede \u00fdedi gatnawa \u00e7enli u\u00e7arlar u\u00e7\u00fdar. Azi\u00fda \u015f\u00e4herlerine gatnawlar hepdede bir \u00fda-da iki gezek, \u00ddewropa \u00fdurtlaryny\u0148 ugurlary bo\u00fdun\u00e7a bolsa hepdede iki gezek \u00fdolag\u00e7ylara hyzmat edil\u00fd\u00e4r.<\/p>\n","protected":false},"excerpt":{"rendered":"<p>\u00abT\u00fcrkmenistan\u00bb awiakompani\u00fdasy 25-nji \u00fdanwardan ba\u015flap g\u00fc\u00fdje gir\u00fd\u00e4n halkara u\u00e7ar gatnawlaryny\u0148 t\u00e4zelenen tertibini \u00e7ap etdi. A\u015fgabatdan \u00ddakyn G\u00fcndogar, Azi\u00fda\u2013\u00dduwa\u015f umman sebitini\u0148 we \u00ddewropany\u0148 \u00fdurtlaryny \u00f6z i\u00e7ine al\u00fdan 14 \u015f\u00e4here yzygiderli gatnawlar amala a\u015fyryl\u00fdar. Awiakompani\u00fdany\u0148 resmi sa\u00fdtynda \u00fderle\u015fdirilen maglumata g\u00f6r\u00e4, A\u015fgabady\u0148 halkara howa menzilinden Birle\u015fen Arap Emirliklerine (Duba\u00fd, Abu-Dabi), Saud Arabystanyna (Jidda), Hindistana (Deli), Hyta\u00fda (Pekin), Ta\u00fdlanda [&hellip;]<\/p>\n","protected":false},"author":2,"featured_media":108463,"comment_status":"open","ping_status":"closed","sticky":false,"template":"","format":"standard","meta":{"footnotes":""},"categories":[8273],"tags":[],"acf":[],"_links":{"self":[{"href":"https:\/\/zamanturkmenistan.com.tm\/index.php?rest_route=\/wp\/v2\/posts\/158583"}],"collection":[{"href":"https:\/\/zamanturkmenistan.com.tm\/index.php?rest_route=\/wp\/v2\/posts"}],"about":[{"href":"https:\/\/zamanturkmenistan.com.tm\/index.php?rest_route=\/wp\/v2\/types\/post"}],"author":[{"embeddable":true,"href":"https:\/\/zamanturkmenistan.com.tm\/index.php?rest_route=\/wp\/v2\/users\/2"}],"replies":[{"embeddable":true,"href":"https:\/\/zamanturkmenistan.com.tm\/index.php?rest_route=%2Fwp%2Fv2%2Fcomments&post=158583"}],"version-history":[{"count":1,"href":"https:\/\/zamanturkmenistan.com.tm\/index.php?rest_route=\/wp\/v2\/posts\/158583\/revisions"}],"predecessor-version":[{"id":158584,"href":"https:\/\/zamanturkmenistan.com.tm\/index.php?rest_route=\/wp\/v2\/posts\/158583\/revisions\/158584"}],"wp:featuredmedia":[{"embeddable":true,"href":"https:\/\/zamanturkmenistan.com.tm\/index.php?rest_route=\/wp\/v2\/media\/108463"}],"wp:attachment":[{"href":"https:\/\/zamanturkmenistan.com.tm\/index.php?rest_route=%2Fwp%2Fv2%2Fmedia&parent=158583"}],"wp:term":[{"taxonomy":"category","embeddable":true,"href":"https:\/\/zamanturkmenistan.com.tm\/index.php?rest_route=%2Fwp%2Fv2%2Fcategories&post=158583"},{"taxonomy":"post_tag","embeddable":true,"href":"https:\/\/zamanturkmenistan.com.tm\/index.php?rest_route=%2Fwp%2Fv2%2Ftags&post=158583"}],"curies":[{"name":"wp","href":"https:\/\/api.w.org\/{rel}","templated":true}]}}