{"id":15867,"date":"2018-06-18T11:36:54","date_gmt":"2018-06-18T06:36:54","guid":{"rendered":"http:\/\/zamanturkmenistan.com\/?p=15867"},"modified":"2018-06-18T11:36:54","modified_gmt":"2018-06-18T06:36:54","slug":"ya%c2%adry%c2%adsyn-teh%c2%adni%c2%adki-to%c2%adpa%c2%adry","status":"publish","type":"post","link":"https:\/\/zamanturkmenistan.com.tm\/?p=15867","title":{"rendered":"\u00dda\u00adry\u00ad\u015fy\u0148 teh\u00adni\u00adki to\u00adpa\u00adry"},"content":{"rendered":"<p>D\u00fcn\u00ad\u00fd\u00e4 Ku\u00adbo\u00adgy\u00adny\u0148 teh\u00adni\u00adki to\u00adpa\u00adry\u00ad (Technical Stu\u00addy Group) m\u00e4\u00adlim e\u00addildi. 1966-njy \u00fdyl\u00adda\u00adky \u00e7em\u00adpio\u00adnat\u00addan b\u00e4\u00adri \u00e4h\u00adli D\u00fcn\u00ad\u00fd\u00e4 Ku\u00adbo\u00adgy \u00fda\u00adry\u015f\u00adla\u00adryn\u00adda bar bo\u00adlan teh\u00adni\u00adki to\u00adpa\u00adra bu gezek bra\u00adzi\u00adli\u00ad\u00fda\u00adly me\u015fhur t\u00e4\u00adlim\u00ad\u00e7i Kar\u00adlos Al\u00adber\u00adto Par\u00adrei\u00adra \u00fdol\u00adba\u015f\u00ad\u00e7y\u00adlyk eder. To\u00adpar\u00adda ni\u00adge\u00adri\u00ad\u00fda\u00adly Em\u00adma\u00adnu\u00adel Ami\u00adnu\u00adke, ser\u00adbi\u00ad\u00fda\u00adly Bo\u00adra Mi\u00adlu\u00adti\u00adno\u00adwi\u00e7, ita\u00adli\u00ad\u00fda\u00adly Ales\u00adsand\u00adro Nes\u00adta, \u015fot\u00adlan\u00addi\u00ad\u00fda\u00adly En\u00addi Rosk\u00adburg hem-de gol\u00adlan\u00addi\u00ad\u00fda\u00adly Mar\u00adko Wan Bas\u00adten da\u00adgy hem bo\u00adlup, olar \u00e7em\u00adpio\u00adna\u00adty\u0148 ahy\u00adryn\u00adda gow\u00ad\u015fu\u00adryl\u00adjak al\u00adtyn, k\u00fc\u00adm\u00fc\u015f, b\u00fc\u00adr\u00fcn\u00e7 but\u00adsy, top, el\u00adlik, i\u0148 go\u00adwy \u00fda\u015f o\u00fdun\u00ad\u00e7y, Fa\u00adir-Play \u00fda\u00adly ba\u00fd\u00adrak\u00adla\u00adry\u0148 \u00fde\u00ad\u0148i\u00adji\u00adle\u00adri\u00adni kes\u00adgit\u00adl\u00e4r\u00adler.<\/p>\n","protected":false},"excerpt":{"rendered":"<p>D\u00fcn\u00ad\u00fd\u00e4 Ku\u00adbo\u00adgy\u00adny\u0148 teh\u00adni\u00adki to\u00adpa\u00adry\u00ad (Technical Stu\u00addy Group) m\u00e4\u00adlim e\u00addildi. 1966-njy \u00fdyl\u00adda\u00adky \u00e7em\u00adpio\u00adnat\u00addan b\u00e4\u00adri \u00e4h\u00adli D\u00fcn\u00ad\u00fd\u00e4 Ku\u00adbo\u00adgy \u00fda\u00adry\u015f\u00adla\u00adryn\u00adda bar bo\u00adlan teh\u00adni\u00adki to\u00adpa\u00adra bu gezek bra\u00adzi\u00adli\u00ad\u00fda\u00adly me\u015fhur t\u00e4\u00adlim\u00ad\u00e7i Kar\u00adlos Al\u00adber\u00adto Par\u00adrei\u00adra \u00fdol\u00adba\u015f\u00ad\u00e7y\u00adlyk eder. To\u00adpar\u00adda ni\u00adge\u00adri\u00ad\u00fda\u00adly Em\u00adma\u00adnu\u00adel Ami\u00adnu\u00adke, ser\u00adbi\u00ad\u00fda\u00adly Bo\u00adra Mi\u00adlu\u00adti\u00adno\u00adwi\u00e7, ita\u00adli\u00ad\u00fda\u00adly Ales\u00adsand\u00adro Nes\u00adta, \u015fot\u00adlan\u00addi\u00ad\u00fda\u00adly En\u00addi Rosk\u00adburg hem-de gol\u00adlan\u00addi\u00ad\u00fda\u00adly Mar\u00adko Wan Bas\u00adten da\u00adgy hem bo\u00adlup, olar \u00e7em\u00adpio\u00adna\u00adty\u0148 ahy\u00adryn\u00adda [&hellip;]<\/p>\n","protected":false},"author":1,"featured_media":15868,"comment_status":"open","ping_status":"closed","sticky":false,"template":"","format":"standard","meta":{"footnotes":""},"categories":[13],"tags":[],"acf":[],"_links":{"self":[{"href":"https:\/\/zamanturkmenistan.com.tm\/index.php?rest_route=\/wp\/v2\/posts\/15867"}],"collection":[{"href":"https:\/\/zamanturkmenistan.com.tm\/index.php?rest_route=\/wp\/v2\/posts"}],"about":[{"href":"https:\/\/zamanturkmenistan.com.tm\/index.php?rest_route=\/wp\/v2\/types\/post"}],"author":[{"embeddable":true,"href":"https:\/\/zamanturkmenistan.com.tm\/index.php?rest_route=\/wp\/v2\/users\/1"}],"replies":[{"embeddable":true,"href":"https:\/\/zamanturkmenistan.com.tm\/index.php?rest_route=%2Fwp%2Fv2%2Fcomments&post=15867"}],"version-history":[{"count":0,"href":"https:\/\/zamanturkmenistan.com.tm\/index.php?rest_route=\/wp\/v2\/posts\/15867\/revisions"}],"wp:featuredmedia":[{"embeddable":true,"href":"https:\/\/zamanturkmenistan.com.tm\/index.php?rest_route=\/wp\/v2\/media\/15868"}],"wp:attachment":[{"href":"https:\/\/zamanturkmenistan.com.tm\/index.php?rest_route=%2Fwp%2Fv2%2Fmedia&parent=15867"}],"wp:term":[{"taxonomy":"category","embeddable":true,"href":"https:\/\/zamanturkmenistan.com.tm\/index.php?rest_route=%2Fwp%2Fv2%2Fcategories&post=15867"},{"taxonomy":"post_tag","embeddable":true,"href":"https:\/\/zamanturkmenistan.com.tm\/index.php?rest_route=%2Fwp%2Fv2%2Ftags&post=15867"}],"curies":[{"name":"wp","href":"https:\/\/api.w.org\/{rel}","templated":true}]}}