{"id":158821,"date":"2026-02-04T15:03:41","date_gmt":"2026-02-04T10:03:41","guid":{"rendered":"https:\/\/zamanturkmenistan.com.tm\/?p=158821"},"modified":"2026-02-04T15:03:41","modified_gmt":"2026-02-04T10:03:41","slug":"dubayda-energetika-ulgamynda-turkmen-emirlik-hyzmatdaslygynyn-meseleleri-ara-alnyp-maslahatlasyldy","status":"publish","type":"post","link":"https:\/\/zamanturkmenistan.com.tm\/?p=158821","title":{"rendered":"Duba\u00fdda energetika ulgamynda t\u00fcrkmen-emirlik hyzmatda\u015flygyny\u0148 meseleleri ara alnyp maslahatla\u015fyldy"},"content":{"rendered":"<p>3-nji fewralda Duba\u00fd \u015f\u00e4herinde T\u00fcrkmenistany\u0148 Da\u015fary i\u015fler ministri Ra\u015fid Meredow Birle\u015fen Arap Emirliklerini\u0148 Senagat we \u00f6\u0148debaryjy tehnologi\u00fdalar ministri, Abu-Dabi Milli nebit kompani\u00fdasyny\u0148 (ADNOC) Ba\u015f direktory Soltan Ahmed Al-Jaber bilen du\u015fu\u015fdy.<br \/>\nS\u00f6hbetde\u015fligi\u0148 dowamynda taraplar gaz pudagynda T\u00fcrkmenistany\u0148 we BAE-ni\u0148 arasyndaky hyzmatda\u015flygy\u0148 netijeli h\u00e4si\u00fdete e\u00fdedigini bellediler.<br \/>\nTaraplar h\u00e4zirki wagtda durmu\u015fa ge\u00e7iril\u00fd\u00e4n taslamalary\u0148 \u00fderine \u00fdetirili\u015fine garap, hyzmatda\u015flygy mundan be\u00fdl\u00e4k-de gi\u0148eltmek maksady bilen, hyzmatda\u015flygy\u0148 geljegi uly bolan ugurlaryny hem ara alyp maslahatla\u015fdylar.<br \/>\nDu\u015fu\u015fygy\u0148 dowamynda ileri tutul\u00fdan ugurlar bo\u00fdun\u00e7a dowamly hyzmatda\u015flygy \u00fcpj\u00fcn etmek maksady bilen, iki \u00fdurdu\u0148 wekillerini\u0148 arasynda yzygiderli du\u015fu\u015fyklary we ge\u0148e\u015fmeleri ge\u00e7irmek arkaly hyzmatda\u015flygy mundan be\u00fdl\u00e4k-de \u00f6sd\u00fcrmek we berkitmek barada ylala\u015fyk gazanyldy.<\/p>\n","protected":false},"excerpt":{"rendered":"<p>3-nji fewralda Duba\u00fd \u015f\u00e4herinde T\u00fcrkmenistany\u0148 Da\u015fary i\u015fler ministri Ra\u015fid Meredow Birle\u015fen Arap Emirliklerini\u0148 Senagat we \u00f6\u0148debaryjy tehnologi\u00fdalar ministri, Abu-Dabi Milli nebit kompani\u00fdasyny\u0148 (ADNOC) Ba\u015f direktory Soltan Ahmed Al-Jaber bilen du\u015fu\u015fdy. S\u00f6hbetde\u015fligi\u0148 dowamynda taraplar gaz pudagynda T\u00fcrkmenistany\u0148 we BAE-ni\u0148 arasyndaky hyzmatda\u015flygy\u0148 netijeli h\u00e4si\u00fdete e\u00fdedigini bellediler. Taraplar h\u00e4zirki wagtda durmu\u015fa ge\u00e7iril\u00fd\u00e4n taslamalary\u0148 \u00fderine \u00fdetirili\u015fine garap, hyzmatda\u015flygy mundan [&hellip;]<\/p>\n","protected":false},"author":2,"featured_media":158768,"comment_status":"open","ping_status":"closed","sticky":false,"template":"","format":"standard","meta":{"footnotes":""},"categories":[3],"tags":[],"acf":[],"_links":{"self":[{"href":"https:\/\/zamanturkmenistan.com.tm\/index.php?rest_route=\/wp\/v2\/posts\/158821"}],"collection":[{"href":"https:\/\/zamanturkmenistan.com.tm\/index.php?rest_route=\/wp\/v2\/posts"}],"about":[{"href":"https:\/\/zamanturkmenistan.com.tm\/index.php?rest_route=\/wp\/v2\/types\/post"}],"author":[{"embeddable":true,"href":"https:\/\/zamanturkmenistan.com.tm\/index.php?rest_route=\/wp\/v2\/users\/2"}],"replies":[{"embeddable":true,"href":"https:\/\/zamanturkmenistan.com.tm\/index.php?rest_route=%2Fwp%2Fv2%2Fcomments&post=158821"}],"version-history":[{"count":1,"href":"https:\/\/zamanturkmenistan.com.tm\/index.php?rest_route=\/wp\/v2\/posts\/158821\/revisions"}],"predecessor-version":[{"id":158822,"href":"https:\/\/zamanturkmenistan.com.tm\/index.php?rest_route=\/wp\/v2\/posts\/158821\/revisions\/158822"}],"wp:featuredmedia":[{"embeddable":true,"href":"https:\/\/zamanturkmenistan.com.tm\/index.php?rest_route=\/wp\/v2\/media\/158768"}],"wp:attachment":[{"href":"https:\/\/zamanturkmenistan.com.tm\/index.php?rest_route=%2Fwp%2Fv2%2Fmedia&parent=158821"}],"wp:term":[{"taxonomy":"category","embeddable":true,"href":"https:\/\/zamanturkmenistan.com.tm\/index.php?rest_route=%2Fwp%2Fv2%2Fcategories&post=158821"},{"taxonomy":"post_tag","embeddable":true,"href":"https:\/\/zamanturkmenistan.com.tm\/index.php?rest_route=%2Fwp%2Fv2%2Ftags&post=158821"}],"curies":[{"name":"wp","href":"https:\/\/api.w.org\/{rel}","templated":true}]}}