{"id":158823,"date":"2026-02-04T15:05:00","date_gmt":"2026-02-04T10:05:00","guid":{"rendered":"https:\/\/zamanturkmenistan.com.tm\/?p=158823"},"modified":"2026-02-04T15:05:00","modified_gmt":"2026-02-04T10:05:00","slug":"turkmenistanyn-we-bae-nin-dasary-syyasat-edaralarynyn-yolbascylarynyn-dususygy-gecirildi","status":"publish","type":"post","link":"https:\/\/zamanturkmenistan.com.tm\/?p=158823","title":{"rendered":"T\u00fcrkmenistany\u0148 we BAE-ni\u0148 da\u015fary sy\u00fdasat edaralaryny\u0148 \u00fdolba\u015f\u00e7ylaryny\u0148 du\u015fu\u015fygy ge\u00e7irildi"},"content":{"rendered":"<p>3-nji fewralda T\u00fcrkmenistany\u0148 Ministrler Kabinetini\u0148 Ba\u015flygyny\u0148 Orunbasary, Da\u015fary i\u015fler ministri Ra\u015fid Meredow Birle\u015fen Arap Emirliklerini\u0148 Prem\u00fder-ministrini\u0148 orunbasary, Da\u015fary i\u015fler ministri \u015ee\u00fdh Abdulla bin Za\u00fded Al Naha\u00fd\u00fdan bilen du\u015fu\u015fdy.<br \/>\nDu\u015fu\u015fygy\u0148 dowamynda taraplar sy\u00fdasy-diplomatik we s\u00f6wda-ykdysady ugurlarda t\u00fcrkmen-emirlik gatna\u015fyklaryny mundan be\u00fdl\u00e4k-de \u00f6sd\u00fcrmek bilen bagly meseleleri\u0148 gi\u0148 toplumyny ara alyp maslahatla\u015fdylar.<br \/>\nT\u00fcrkmenistany\u0148 da\u015fary sy\u00fdasat edarasyny\u0148 \u00fdolba\u015f\u00e7ysy d\u00f6wletleri\u0148 arasynda hyzmatda\u015flygy\u0148 \u00f6sd\u00fcrilmegine m\u00f6h\u00fcm go\u015fant go\u015fmaga g\u00f6n\u00fckdirilen h\u00e4zirki B\u00fctind\u00fcn\u00fd\u00e4 h\u00f6k\u00fcmet sammitini\u0148 \u00e4hmi\u00fdetini nygtady.<br \/>\nDiplomatlar T\u00fcrkmenistany\u0148 we BAE-ni\u0148 da\u015fary sy\u00fdasat edaralaryny\u0148 arasyndaky hyzmatda\u015flygy\u0148 netijelidigini bellediler. \u015ee\u00fdle hem halkara we sebit guramalaryny\u0148 \u00e7\u00e4klerinde iki \u00fdurdu\u0148 \u00f6zara goldawa esaslan\u00fdan hyzmatda\u015flygy a\u00fdratyn nygtaldy.<br \/>\nMundan ba\u015fga-da, taraplar ikitarapla\u00fdyn sy\u00fdasy gatna\u015fyklary gi\u0148eltmegi\u0148 \u00e7\u00e4klerinde \u015fu \u00fdylda ge\u00e7irilmegi me\u00fdille\u015fdiril\u00fd\u00e4n \u00e7\u00e4releri ara alyp maslahatla\u015fdylar.<\/p>\n","protected":false},"excerpt":{"rendered":"<p>3-nji fewralda T\u00fcrkmenistany\u0148 Ministrler Kabinetini\u0148 Ba\u015flygyny\u0148 Orunbasary, Da\u015fary i\u015fler ministri Ra\u015fid Meredow Birle\u015fen Arap Emirliklerini\u0148 Prem\u00fder-ministrini\u0148 orunbasary, Da\u015fary i\u015fler ministri \u015ee\u00fdh Abdulla bin Za\u00fded Al Naha\u00fd\u00fdan bilen du\u015fu\u015fdy. Du\u015fu\u015fygy\u0148 dowamynda taraplar sy\u00fdasy-diplomatik we s\u00f6wda-ykdysady ugurlarda t\u00fcrkmen-emirlik gatna\u015fyklaryny mundan be\u00fdl\u00e4k-de \u00f6sd\u00fcrmek bilen bagly meseleleri\u0148 gi\u0148 toplumyny ara alyp maslahatla\u015fdylar. T\u00fcrkmenistany\u0148 da\u015fary sy\u00fdasat edarasyny\u0148 \u00fdolba\u015f\u00e7ysy d\u00f6wletleri\u0148 arasynda [&hellip;]<\/p>\n","protected":false},"author":2,"featured_media":158765,"comment_status":"open","ping_status":"closed","sticky":false,"template":"","format":"standard","meta":{"footnotes":""},"categories":[3],"tags":[],"acf":[],"_links":{"self":[{"href":"https:\/\/zamanturkmenistan.com.tm\/index.php?rest_route=\/wp\/v2\/posts\/158823"}],"collection":[{"href":"https:\/\/zamanturkmenistan.com.tm\/index.php?rest_route=\/wp\/v2\/posts"}],"about":[{"href":"https:\/\/zamanturkmenistan.com.tm\/index.php?rest_route=\/wp\/v2\/types\/post"}],"author":[{"embeddable":true,"href":"https:\/\/zamanturkmenistan.com.tm\/index.php?rest_route=\/wp\/v2\/users\/2"}],"replies":[{"embeddable":true,"href":"https:\/\/zamanturkmenistan.com.tm\/index.php?rest_route=%2Fwp%2Fv2%2Fcomments&post=158823"}],"version-history":[{"count":1,"href":"https:\/\/zamanturkmenistan.com.tm\/index.php?rest_route=\/wp\/v2\/posts\/158823\/revisions"}],"predecessor-version":[{"id":158824,"href":"https:\/\/zamanturkmenistan.com.tm\/index.php?rest_route=\/wp\/v2\/posts\/158823\/revisions\/158824"}],"wp:featuredmedia":[{"embeddable":true,"href":"https:\/\/zamanturkmenistan.com.tm\/index.php?rest_route=\/wp\/v2\/media\/158765"}],"wp:attachment":[{"href":"https:\/\/zamanturkmenistan.com.tm\/index.php?rest_route=%2Fwp%2Fv2%2Fmedia&parent=158823"}],"wp:term":[{"taxonomy":"category","embeddable":true,"href":"https:\/\/zamanturkmenistan.com.tm\/index.php?rest_route=%2Fwp%2Fv2%2Fcategories&post=158823"},{"taxonomy":"post_tag","embeddable":true,"href":"https:\/\/zamanturkmenistan.com.tm\/index.php?rest_route=%2Fwp%2Fv2%2Ftags&post=158823"}],"curies":[{"name":"wp","href":"https:\/\/api.w.org\/{rel}","templated":true}]}}