{"id":159236,"date":"2026-02-08T16:43:18","date_gmt":"2026-02-08T11:43:18","guid":{"rendered":"https:\/\/zamanturkmenistan.com.tm\/?p=159236"},"modified":"2026-02-08T16:43:18","modified_gmt":"2026-02-08T11:43:18","slug":"yaponiyada-ahlumumy-saylawlar-ucin-ses-berislik-baslandy","status":"publish","type":"post","link":"https:\/\/zamanturkmenistan.com.tm\/?p=159236","title":{"rendered":"\u00ddaponi\u00fdada \u00e4hlumumy sa\u00fdlawlar \u00fc\u00e7in ses beri\u015flik ba\u015flandy"},"content":{"rendered":"<p>\u015eu g\u00fcn irden \u00ddaponi\u00fdada \u00e4hlumumy sa\u00fdlawlarda ses beri\u015flik ba\u015flandy. Parlamentini\u0148 i\u0148 t\u00e4sirli a\u015faky palatasy bolan Wekiller palatasyny\u0148 465 ornuny e\u00fdelemek ugrunda 1200-den gowrak dala\u015fg\u00e4r b\u00e4sle\u015f\u00fd\u00e4r.<br \/>\nSa\u00fdlawlary\u0148 esasy meselesi &#8211; Liberal-demokratik parti\u00fdasy (LDP) we &#8220;\u00ddaponi\u00fdany t\u00e4zelemek jemgy\u00fdeti&#8221; parti\u00fdasyndan ybarat bolan h\u00e4zirki h\u00f6k\u00fcmet koalisi\u00fdasy k\u00f6pl\u00fcgini saklap, Prem\u00fder-ministr Sanae Takaitini\u0148 administrasi\u00fdasyny\u0148 i\u015fini dowam etdirip bilermi \u00fda-da onu\u0148 b\u00e4sde\u015fleri \u00f6z ornuny berkidip, mu\u0148a p\u00e4sgel berermi di\u00fden soragdyr.<br \/>\n\u00ddurt bo\u00fdun\u00e7a sa\u00fdlaw u\u00e7astoklary \u00fderli wagt bilen sagat 20:00-da \u00fdapylar. Sesleri\u0148 sanalmagyny\u0148 gij\u00e4 \u00e7enli dowam etmegine gara\u015fyl\u00fdar.<\/p>\n","protected":false},"excerpt":{"rendered":"<p>\u015eu g\u00fcn irden \u00ddaponi\u00fdada \u00e4hlumumy sa\u00fdlawlarda ses beri\u015flik ba\u015flandy. Parlamentini\u0148 i\u0148 t\u00e4sirli a\u015faky palatasy bolan Wekiller palatasyny\u0148 465 ornuny e\u00fdelemek ugrunda 1200-den gowrak dala\u015fg\u00e4r b\u00e4sle\u015f\u00fd\u00e4r. Sa\u00fdlawlary\u0148 esasy meselesi &#8211; Liberal-demokratik parti\u00fdasy (LDP) we &#8220;\u00ddaponi\u00fdany t\u00e4zelemek jemgy\u00fdeti&#8221; parti\u00fdasyndan ybarat bolan h\u00e4zirki h\u00f6k\u00fcmet koalisi\u00fdasy k\u00f6pl\u00fcgini saklap, Prem\u00fder-ministr Sanae Takaitini\u0148 administrasi\u00fdasyny\u0148 i\u015fini dowam etdirip bilermi \u00fda-da onu\u0148 b\u00e4sde\u015fleri [&hellip;]<\/p>\n","protected":false},"author":2,"featured_media":136185,"comment_status":"open","ping_status":"closed","sticky":false,"template":"","format":"standard","meta":{"footnotes":""},"categories":[5],"tags":[],"acf":[],"_links":{"self":[{"href":"https:\/\/zamanturkmenistan.com.tm\/index.php?rest_route=\/wp\/v2\/posts\/159236"}],"collection":[{"href":"https:\/\/zamanturkmenistan.com.tm\/index.php?rest_route=\/wp\/v2\/posts"}],"about":[{"href":"https:\/\/zamanturkmenistan.com.tm\/index.php?rest_route=\/wp\/v2\/types\/post"}],"author":[{"embeddable":true,"href":"https:\/\/zamanturkmenistan.com.tm\/index.php?rest_route=\/wp\/v2\/users\/2"}],"replies":[{"embeddable":true,"href":"https:\/\/zamanturkmenistan.com.tm\/index.php?rest_route=%2Fwp%2Fv2%2Fcomments&post=159236"}],"version-history":[{"count":1,"href":"https:\/\/zamanturkmenistan.com.tm\/index.php?rest_route=\/wp\/v2\/posts\/159236\/revisions"}],"predecessor-version":[{"id":159237,"href":"https:\/\/zamanturkmenistan.com.tm\/index.php?rest_route=\/wp\/v2\/posts\/159236\/revisions\/159237"}],"wp:featuredmedia":[{"embeddable":true,"href":"https:\/\/zamanturkmenistan.com.tm\/index.php?rest_route=\/wp\/v2\/media\/136185"}],"wp:attachment":[{"href":"https:\/\/zamanturkmenistan.com.tm\/index.php?rest_route=%2Fwp%2Fv2%2Fmedia&parent=159236"}],"wp:term":[{"taxonomy":"category","embeddable":true,"href":"https:\/\/zamanturkmenistan.com.tm\/index.php?rest_route=%2Fwp%2Fv2%2Fcategories&post=159236"},{"taxonomy":"post_tag","embeddable":true,"href":"https:\/\/zamanturkmenistan.com.tm\/index.php?rest_route=%2Fwp%2Fv2%2Ftags&post=159236"}],"curies":[{"name":"wp","href":"https:\/\/api.w.org\/{rel}","templated":true}]}}