{"id":159245,"date":"2026-02-08T17:15:44","date_gmt":"2026-02-08T12:15:44","guid":{"rendered":"https:\/\/zamanturkmenistan.com.tm\/?p=159245"},"modified":"2026-02-08T17:15:44","modified_gmt":"2026-02-08T12:15:44","slug":"portugaliyada-prezident-saylawlary-ikinji-tapgyr-baslandy","status":"publish","type":"post","link":"https:\/\/zamanturkmenistan.com.tm\/?p=159245","title":{"rendered":"Portugali\u00fdada prezident sa\u00fdlawlary: ikinji tapgyr ba\u015flandy"},"content":{"rendered":"<p>\u015eu g\u00fcn 8-nji fewralda Portugali\u00fdada Prezident sa\u00fdlawlaryny\u0148 ikinji tapgyry ge\u00e7iril\u00fd\u00e4r. \u00ddokary d\u00f6wlet wezipesi ugrunda birinji tapgyrda sa\u00fdlaw\u00e7ylary\u0148 i\u0148 uly goldawyna e\u00fde bolan iki dala\u015fg\u00e4r b\u00e4sle\u015f\u00fd\u00e4r. Olar &#8211; a\u015fa sag\u00e7y \u00abBesdir\u00bb (Chega) parti\u00fdasyny\u0148 lideri Andre Wentura we Sosialistik parti\u00fdany\u0148 \u00f6\u0148ki ba\u015f sekretary Antoniu \u017doze Seguru.<br \/>\nSa\u00fdlaw u\u00e7astoklary \u00fderli wagt bilen sagat 08.00-da a\u00e7yldy we 19.00-a \u00e7enli dowam eder. Ses bermegi\u0148 deslapky netijelerini\u0148 gije yglan edilmegine gara\u015fyl\u00fdar.<br \/>\nBirinji tapgyrda dala\u015fg\u00e4rleri\u0148 hi\u00e7 biri sesleri\u0148 50%-inden gowragyny alyp bilm\u00e4ndigi seb\u00e4pli, Prezident sa\u00fdlawlaryny\u0148 ikinji tapgyryny ge\u00e7irmek zerurlygy \u00fd\u00fcze \u00e7ykdy. I\u0148 so\u0148ky gezek be\u00fdle \u00fdagda\u00fd 1986-njy \u00fdylda bolupdy.<br \/>\n\u00ddurdu\u0148 kanun\u00e7ylygyna g\u00f6r\u00e4, Prezident \u00e4hlumumy g\u00f6ni we gizlin ses bermek arkaly 5 \u00fdyl m\u00f6hletine sa\u00fdlan\u00fdar. H\u00e4zirki d\u00f6wlet Ba\u015ftutany Marselu Rebelu di Souza bu wezip\u00e4 2016-njy \u00fdylda sa\u00fdlanypdy, 2021-nji \u00fdylda bolsa ga\u00fdtadan sa\u00fdlandy. Kanun\u00e7ylyk yzly-yzyna \u00fc\u00e7 m\u00f6hlete sa\u00fdlanmaga rugsat berme\u00fd\u00e4ndigi seb\u00e4pli, ol t\u00e4zeden dala\u015fg\u00e4r bolup bilmedi.<br \/>\nPrezidentlik wezipesine rekord derejede &#8211; 11 dala\u015fg\u00e4ri\u0148 gatna\u015fmagyndaky birinji tapgyr 18-nji \u00fdanwarda ge\u00e7irilipdi. Ol sa\u00fdlaw\u00e7ylary\u0148 \u00fdokary gatna\u015fygy bilen tapawutlandy. Ses bermegi\u0148 netijeleri bo\u00fdun\u00e7a Seguru portugallary\u0148 31%-inden gowragyny\u0148, Wentura bolsa 23%-den gowragyny\u0148 goldawyny alypdy.<br \/>\nSes bermegi\u0148 \u00f6\u0148\u00fcsyrasynda EFE agentligi ge\u00e7irilen pikir soraly\u015fygy\u0148 maglumatlaryny pa\u00fdla\u015fdy, o\u0148a g\u00f6r\u00e4 ikinji tapgyrda Seguru \u00fde\u0148i\u015f gazanyp biler. Pikiri soralany\u0148 67%-i sosialistik parti\u00fdany\u0148 \u00f6\u0148ki ba\u015f sekretaryna, 33%-i bolsa a\u015fa sag\u00e7ylary\u0148 liderine ses berm\u00e4ge ta\u00fd\u00fdardyklaryny bildirdiler.<\/p>\n","protected":false},"excerpt":{"rendered":"<p>\u015eu g\u00fcn 8-nji fewralda Portugali\u00fdada Prezident sa\u00fdlawlaryny\u0148 ikinji tapgyry ge\u00e7iril\u00fd\u00e4r. \u00ddokary d\u00f6wlet wezipesi ugrunda birinji tapgyrda sa\u00fdlaw\u00e7ylary\u0148 i\u0148 uly goldawyna e\u00fde bolan iki dala\u015fg\u00e4r b\u00e4sle\u015f\u00fd\u00e4r. Olar &#8211; a\u015fa sag\u00e7y \u00abBesdir\u00bb (Chega) parti\u00fdasyny\u0148 lideri Andre Wentura we Sosialistik parti\u00fdany\u0148 \u00f6\u0148ki ba\u015f sekretary Antoniu \u017doze Seguru. Sa\u00fdlaw u\u00e7astoklary \u00fderli wagt bilen sagat 08.00-da a\u00e7yldy we 19.00-a \u00e7enli [&hellip;]<\/p>\n","protected":false},"author":2,"featured_media":159246,"comment_status":"open","ping_status":"closed","sticky":false,"template":"","format":"standard","meta":{"footnotes":""},"categories":[5],"tags":[],"acf":[],"_links":{"self":[{"href":"https:\/\/zamanturkmenistan.com.tm\/index.php?rest_route=\/wp\/v2\/posts\/159245"}],"collection":[{"href":"https:\/\/zamanturkmenistan.com.tm\/index.php?rest_route=\/wp\/v2\/posts"}],"about":[{"href":"https:\/\/zamanturkmenistan.com.tm\/index.php?rest_route=\/wp\/v2\/types\/post"}],"author":[{"embeddable":true,"href":"https:\/\/zamanturkmenistan.com.tm\/index.php?rest_route=\/wp\/v2\/users\/2"}],"replies":[{"embeddable":true,"href":"https:\/\/zamanturkmenistan.com.tm\/index.php?rest_route=%2Fwp%2Fv2%2Fcomments&post=159245"}],"version-history":[{"count":1,"href":"https:\/\/zamanturkmenistan.com.tm\/index.php?rest_route=\/wp\/v2\/posts\/159245\/revisions"}],"predecessor-version":[{"id":159247,"href":"https:\/\/zamanturkmenistan.com.tm\/index.php?rest_route=\/wp\/v2\/posts\/159245\/revisions\/159247"}],"wp:featuredmedia":[{"embeddable":true,"href":"https:\/\/zamanturkmenistan.com.tm\/index.php?rest_route=\/wp\/v2\/media\/159246"}],"wp:attachment":[{"href":"https:\/\/zamanturkmenistan.com.tm\/index.php?rest_route=%2Fwp%2Fv2%2Fmedia&parent=159245"}],"wp:term":[{"taxonomy":"category","embeddable":true,"href":"https:\/\/zamanturkmenistan.com.tm\/index.php?rest_route=%2Fwp%2Fv2%2Fcategories&post=159245"},{"taxonomy":"post_tag","embeddable":true,"href":"https:\/\/zamanturkmenistan.com.tm\/index.php?rest_route=%2Fwp%2Fv2%2Ftags&post=159245"}],"curies":[{"name":"wp","href":"https:\/\/api.w.org\/{rel}","templated":true}]}}