{"id":159254,"date":"2026-02-09T10:06:58","date_gmt":"2026-02-09T05:06:58","guid":{"rendered":"https:\/\/zamanturkmenistan.com.tm\/?p=159254"},"modified":"2026-02-09T10:06:58","modified_gmt":"2026-02-09T05:06:58","slug":"nyu-delide-turkmenistanyn-prezidentinin-taze-kitaby-we-2026-njy-yylyn-sygary-mynasybetli-care-gecirildi","status":"publish","type":"post","link":"https:\/\/zamanturkmenistan.com.tm\/?p=159254","title":{"rendered":"N\u00fdu-Delide T\u00fcrkmenistany\u0148 Prezidentini\u0148 t\u00e4ze kitaby we 2026-njy \u00fdyly\u0148 \u015fygary mynasybetli \u00e7\u00e4re ge\u00e7irildi"},"content":{"rendered":"<p>6-njy fewralda T\u00fcrkmenistany\u0148 Hindistan Respublikasyndaky Il\u00e7ihanasynda T\u00fcrkmenistany\u0148 Hormatly Prezidenti Serdar Berdimuhamedowy\u0148 \u00abT\u00fcrkmenistany\u0148 Bitaraplygy \u2013 parahat\u00e7ylygy\u0148 we ynany\u015fmagy\u0148 a\u00fddy\u0148 \u00fdoly\u00bb atly t\u00e4ze kitabyny\u0148 tany\u015fdyryly\u015f dabarasy hem-de 2026-njy \u00fdyly\u0148 \u015fygaryny\u0148 \u201cGara\u015fsyz, baky Bitarap T\u00fcrkmenistan \u2014 bedew batly at-myrady\u0148 mekany\u00bb \u00fdyly di\u00fdip yglan edilmegi mynasybetli \u00e7\u00e4re ge\u00e7irildi.<br \/>\n\u00d6z \u00e7yky\u015fynda Il\u00e7i \u015e.Geldinazarow 2025-nji \u00abHalkara parahat\u00e7ylyk we ynany\u015fmak \u00fdylynda\u00bb \u00fdokary derejede ge\u00e7irilen halkara maslahatlar hem-de 2026-njy \u00fdylda \u00fdurdumyzda ge\u00e7iriljek m\u00f6h\u00fcm \u00e4hmi\u00fdetli \u00e7\u00e4reler barada g\u00fcrr\u00fc\u0148 berdi.<br \/>\n\u015ee\u00fdle hem Il\u00e7i, Hormatly Prezidentimizi\u0148 \u00abT\u00fcrkmenistany\u0148 Bitaraplygy \u2013 parahat\u00e7ylygy\u0148 we ynany\u015fmagy\u0148 a\u00fddy\u0148 \u00fdoly\u00bb atly t\u00e4ze kitabyny\u0148 t\u00fcrkmen halkymyz we da\u015fary \u00fdurtly okyjylar \u00fc\u00e7in sowgat bolandygyny a\u00fdratyn belledi. Bu kitaby\u0148 \u00fdurdumyzy\u0148 Bitaraplyk \u00fd\u00f6relgesini ylmy ta\u00fddan \u00f6wrenmekde, parahat\u00e7ylyk s\u00f6\u00fd\u00fcjilikli da\u015fary sy\u00fdasatyny d\u00fcn\u00fd\u00e4 \u00fda\u00fdmakda gymmatly gollanma boljakdygyny nygtady.<br \/>\n\u00c7\u00e4r\u00e4 gatna\u015fyjylar Hormatly Prezidentimizi\u0148 t\u00e4ze kitabyny\u0148 ne\u015fir edilmegi bilen t\u00fc\u00fds \u00fd\u00fcrekden gutlap, t\u00fcrkmen \u00fda\u015flary \u00fc\u00e7in bilim almakda d\u00f6redil\u00fd\u00e4n \u015fertler \u00fc\u00e7in Gahryman Arkadagymyza we Hormatly Prezidentimize t\u00fc\u00fds \u00fd\u00fcrekden ho\u015fallyk bildirdiler.<\/p>\n","protected":false},"excerpt":{"rendered":"<p>6-njy fewralda T\u00fcrkmenistany\u0148 Hindistan Respublikasyndaky Il\u00e7ihanasynda T\u00fcrkmenistany\u0148 Hormatly Prezidenti Serdar Berdimuhamedowy\u0148 \u00abT\u00fcrkmenistany\u0148 Bitaraplygy \u2013 parahat\u00e7ylygy\u0148 we ynany\u015fmagy\u0148 a\u00fddy\u0148 \u00fdoly\u00bb atly t\u00e4ze kitabyny\u0148 tany\u015fdyryly\u015f dabarasy hem-de 2026-njy \u00fdyly\u0148 \u015fygaryny\u0148 \u201cGara\u015fsyz, baky Bitarap T\u00fcrkmenistan \u2014 bedew batly at-myrady\u0148 mekany\u00bb \u00fdyly di\u00fdip yglan edilmegi mynasybetli \u00e7\u00e4re ge\u00e7irildi. \u00d6z \u00e7yky\u015fynda Il\u00e7i \u015e.Geldinazarow 2025-nji \u00abHalkara parahat\u00e7ylyk we ynany\u015fmak \u00fdylynda\u00bb \u00fdokary [&hellip;]<\/p>\n","protected":false},"author":2,"featured_media":159259,"comment_status":"open","ping_status":"closed","sticky":false,"template":"","format":"standard","meta":{"footnotes":""},"categories":[3],"tags":[],"acf":[],"_links":{"self":[{"href":"https:\/\/zamanturkmenistan.com.tm\/index.php?rest_route=\/wp\/v2\/posts\/159254"}],"collection":[{"href":"https:\/\/zamanturkmenistan.com.tm\/index.php?rest_route=\/wp\/v2\/posts"}],"about":[{"href":"https:\/\/zamanturkmenistan.com.tm\/index.php?rest_route=\/wp\/v2\/types\/post"}],"author":[{"embeddable":true,"href":"https:\/\/zamanturkmenistan.com.tm\/index.php?rest_route=\/wp\/v2\/users\/2"}],"replies":[{"embeddable":true,"href":"https:\/\/zamanturkmenistan.com.tm\/index.php?rest_route=%2Fwp%2Fv2%2Fcomments&post=159254"}],"version-history":[{"count":1,"href":"https:\/\/zamanturkmenistan.com.tm\/index.php?rest_route=\/wp\/v2\/posts\/159254\/revisions"}],"predecessor-version":[{"id":159260,"href":"https:\/\/zamanturkmenistan.com.tm\/index.php?rest_route=\/wp\/v2\/posts\/159254\/revisions\/159260"}],"wp:featuredmedia":[{"embeddable":true,"href":"https:\/\/zamanturkmenistan.com.tm\/index.php?rest_route=\/wp\/v2\/media\/159259"}],"wp:attachment":[{"href":"https:\/\/zamanturkmenistan.com.tm\/index.php?rest_route=%2Fwp%2Fv2%2Fmedia&parent=159254"}],"wp:term":[{"taxonomy":"category","embeddable":true,"href":"https:\/\/zamanturkmenistan.com.tm\/index.php?rest_route=%2Fwp%2Fv2%2Fcategories&post=159254"},{"taxonomy":"post_tag","embeddable":true,"href":"https:\/\/zamanturkmenistan.com.tm\/index.php?rest_route=%2Fwp%2Fv2%2Ftags&post=159254"}],"curies":[{"name":"wp","href":"https:\/\/api.w.org\/{rel}","templated":true}]}}