{"id":159270,"date":"2026-02-09T10:48:27","date_gmt":"2026-02-09T05:48:27","guid":{"rendered":"https:\/\/zamanturkmenistan.com.tm\/?p=159270"},"modified":"2026-02-09T10:48:27","modified_gmt":"2026-02-09T05:48:27","slug":"seguru-saylawlarda-one-saylandy","status":"publish","type":"post","link":"https:\/\/zamanturkmenistan.com.tm\/?p=159270","title":{"rendered":"Seguru sa\u00fdlawlarda \u00f6\u0148e sa\u00fdlandy"},"content":{"rendered":"<p>Portugali\u00fdany\u0148 Sosialistik parti\u00fdasyny\u0148 \u00f6\u0148ki ba\u015f sekretary Antoniu \u017doze Seguru Prezident sa\u00fdlawlaryny\u0148 ikinji tapgyrynda \u00f6\u0148de bar\u00fdar. Bu barada TASS agentligi \u00fdurdu\u0148 i\u00e7eri dolandyry\u015f ministrligini\u0148 sesleri\u0148 70%-den gowragy sanalandan so\u0148ra alan deslapky maglumatlaryna salgylanyp habar ber\u00fd\u00e4r.<br \/>\nSosialistik parti\u00fdany\u0148 \u00f6\u0148ki ba\u015f sekretaryna sa\u00fdlaw\u00e7ylary\u0148, 63%-i ses berdi. Onu\u0148 b\u00e4sde\u015fi, a\u015fa sag\u00e7y \u201cBesdir!\u201d (\u201cChega!\u201d) parti\u00fdasyny\u0148 lideri Andre Wentura bolsa, 36% ses aldy.<br \/>\n63 \u00fda\u015fly Seguru k\u00f6p \u00fdyllyk tejribesi bolan sy\u00fdasat\u00e7ydyr, emma ol so\u0148ky \u00fdyllarda mugallym\u00e7ylyk i\u015fi bilen me\u015fgullanypdy. Ol 1962-nji \u00fdylda Ispani\u00fda serhedine gola\u00fd bolan Penamakor ilatly nokatda d\u00fcn\u00fd\u00e4 indi we halkara gatna\u015fyklary ugrundan bilim aldy. \u00dda\u015flygyndan sy\u00fdasy durmu\u015fa i\u015fje\u0148 gatna\u015fyp, elmydama Sosialistik parti\u00fda bilen aragatna\u015fykda boldy. Seguru h\u00e4zirki wagtda BMG-ni\u0148 Ba\u015f sekretary bolan Antoniu Guterri\u015fi\u0148 m\u00fcdirligini\u0148 d\u00fcz\u00fcminde i\u015fledi we \u00ddewropa Parlamentini\u0148 deputaty h\u00f6km\u00fcnde i\u015flemek m\u00fcmkin\u00e7iligine e\u00fde boldy. Ol 2011-nji \u00fdyldan 2014-nji \u00fdyla \u00e7enli Sosialistik parti\u00fdany\u0148 ba\u015f sekretary boldy. Seguru bu wezipeden parti\u00fda i\u00e7ind\u00e4ki sa\u00fdlawlardan so\u0148 gitdi. \u015eol sa\u00fdlawlarda Lissabon \u015f\u00e4herini\u0148 \u015fol wagtky h\u00e4kimi, so\u0148ra Portugali\u00fdany\u0148 Prem\u00fder-ministri, ondan so\u0148 bolsa \u00ddewropa Ge\u0148e\u015fini\u0148 ba\u015flygy bolan Antoniu Ko\u015fta \u00fde\u0148i\u015f gazanypdy.<\/p>\n","protected":false},"excerpt":{"rendered":"<p>Portugali\u00fdany\u0148 Sosialistik parti\u00fdasyny\u0148 \u00f6\u0148ki ba\u015f sekretary Antoniu \u017doze Seguru Prezident sa\u00fdlawlaryny\u0148 ikinji tapgyrynda \u00f6\u0148de bar\u00fdar. Bu barada TASS agentligi \u00fdurdu\u0148 i\u00e7eri dolandyry\u015f ministrligini\u0148 sesleri\u0148 70%-den gowragy sanalandan so\u0148ra alan deslapky maglumatlaryna salgylanyp habar ber\u00fd\u00e4r. Sosialistik parti\u00fdany\u0148 \u00f6\u0148ki ba\u015f sekretaryna sa\u00fdlaw\u00e7ylary\u0148, 63%-i ses berdi. Onu\u0148 b\u00e4sde\u015fi, a\u015fa sag\u00e7y \u201cBesdir!\u201d (\u201cChega!\u201d) parti\u00fdasyny\u0148 lideri Andre Wentura bolsa, 36% [&hellip;]<\/p>\n","protected":false},"author":2,"featured_media":159271,"comment_status":"open","ping_status":"closed","sticky":false,"template":"","format":"standard","meta":{"footnotes":""},"categories":[5],"tags":[],"acf":[],"_links":{"self":[{"href":"https:\/\/zamanturkmenistan.com.tm\/index.php?rest_route=\/wp\/v2\/posts\/159270"}],"collection":[{"href":"https:\/\/zamanturkmenistan.com.tm\/index.php?rest_route=\/wp\/v2\/posts"}],"about":[{"href":"https:\/\/zamanturkmenistan.com.tm\/index.php?rest_route=\/wp\/v2\/types\/post"}],"author":[{"embeddable":true,"href":"https:\/\/zamanturkmenistan.com.tm\/index.php?rest_route=\/wp\/v2\/users\/2"}],"replies":[{"embeddable":true,"href":"https:\/\/zamanturkmenistan.com.tm\/index.php?rest_route=%2Fwp%2Fv2%2Fcomments&post=159270"}],"version-history":[{"count":1,"href":"https:\/\/zamanturkmenistan.com.tm\/index.php?rest_route=\/wp\/v2\/posts\/159270\/revisions"}],"predecessor-version":[{"id":159272,"href":"https:\/\/zamanturkmenistan.com.tm\/index.php?rest_route=\/wp\/v2\/posts\/159270\/revisions\/159272"}],"wp:featuredmedia":[{"embeddable":true,"href":"https:\/\/zamanturkmenistan.com.tm\/index.php?rest_route=\/wp\/v2\/media\/159271"}],"wp:attachment":[{"href":"https:\/\/zamanturkmenistan.com.tm\/index.php?rest_route=%2Fwp%2Fv2%2Fmedia&parent=159270"}],"wp:term":[{"taxonomy":"category","embeddable":true,"href":"https:\/\/zamanturkmenistan.com.tm\/index.php?rest_route=%2Fwp%2Fv2%2Fcategories&post=159270"},{"taxonomy":"post_tag","embeddable":true,"href":"https:\/\/zamanturkmenistan.com.tm\/index.php?rest_route=%2Fwp%2Fv2%2Ftags&post=159270"}],"curies":[{"name":"wp","href":"https:\/\/api.w.org\/{rel}","templated":true}]}}