{"id":159276,"date":"2026-02-09T11:00:25","date_gmt":"2026-02-09T06:00:25","guid":{"rendered":"https:\/\/zamanturkmenistan.com.tm\/?p=159276"},"modified":"2026-02-09T11:17:53","modified_gmt":"2026-02-09T06:17:53","slug":"phumjaithai-yenis-gazanyar","status":"publish","type":"post","link":"https:\/\/zamanturkmenistan.com.tm\/?p=159276","title":{"rendered":"&#8220;Phumjaithai&#8221; \u00fde\u0148i\u015f gazan\u00fdar"},"content":{"rendered":"<p>\u201cPhumjaithai\u201d (\u201cTailandy\u0148 bu\u00fdsanjy\u201d) parti\u00fdasy, sa\u00fdlaw\u00e7ylary\u0148 seslerini\u0148 50 g\u00f6teriminden gowragyny\u0148 hasaplanmagyny\u0148 netijeleri bo\u00fdun\u00e7a Tailandy\u0148 Wekiller palatasyna (parlamenti\u0148 a\u015faky palatasy) ge\u00e7irilen sa\u00fdlawlarda uly aratapawut bilen \u00f6\u0148de bar\u00fdar. Bu barada \u00fdurdu\u0148 sa\u00fdlaw komissi\u00fdasy tarapyndan \u00fdek\u015fenbe g\u00fcni \u00e7ap edilen deslapky netijeler \u015fa\u00fdatlyk ed\u00fd\u00e4r.<br \/>\nTa\u00fdlandy\u0148 Prem\u00fder-ministrini\u0148 wezipesini \u00fderine \u00fdetiriji, \u201cPhumjaithai\u201d parti\u00fdasyny\u0148 lideri Anuthin \u00c7anwirakun metbugat maslahatynda \u00f6z \u00fdolba\u015f\u00e7ylygyndaky parti\u00fdany\u0148 \u00fdek\u015fenbe g\u00fcni ge\u00e7irilen sa\u00fdlawlarda \u00fde\u0148i\u015f gazanandygyny m\u00e4lim etdi.<br \/>\nHalk parti\u00fdasyny\u0148 lideri Natthaphong Ryangpan\u00fdawut bolsa, \u00f6z gezeginde, mundan ozal ba\u015fga bir metbugat maslahatynda eger \u201cPhumjaithai\u201d h\u00f6k\u00fcmeti d\u00fczse, \u00f6z parti\u00fdasyny\u0148 b\u00e4sde\u015f bolmaga ta\u00fd\u00fdardygyny bildirdi.<\/p>\n","protected":false},"excerpt":{"rendered":"<p>\u201cPhumjaithai\u201d (\u201cTailandy\u0148 bu\u00fdsanjy\u201d) parti\u00fdasy, sa\u00fdlaw\u00e7ylary\u0148 seslerini\u0148 50 g\u00f6teriminden gowragyny\u0148 hasaplanmagyny\u0148 netijeleri bo\u00fdun\u00e7a Tailandy\u0148 Wekiller palatasyna (parlamenti\u0148 a\u015faky palatasy) ge\u00e7irilen sa\u00fdlawlarda uly aratapawut bilen \u00f6\u0148de bar\u00fdar. Bu barada \u00fdurdu\u0148 sa\u00fdlaw komissi\u00fdasy tarapyndan \u00fdek\u015fenbe g\u00fcni \u00e7ap edilen deslapky netijeler \u015fa\u00fdatlyk ed\u00fd\u00e4r. Ta\u00fdlandy\u0148 Prem\u00fder-ministrini\u0148 wezipesini \u00fderine \u00fdetiriji, \u201cPhumjaithai\u201d parti\u00fdasyny\u0148 lideri Anuthin \u00c7anwirakun metbugat maslahatynda \u00f6z \u00fdolba\u015f\u00e7ylygyndaky parti\u00fdany\u0148 \u00fdek\u015fenbe [&hellip;]<\/p>\n","protected":false},"author":2,"featured_media":159277,"comment_status":"open","ping_status":"closed","sticky":false,"template":"","format":"standard","meta":{"footnotes":""},"categories":[5],"tags":[],"acf":[],"_links":{"self":[{"href":"https:\/\/zamanturkmenistan.com.tm\/index.php?rest_route=\/wp\/v2\/posts\/159276"}],"collection":[{"href":"https:\/\/zamanturkmenistan.com.tm\/index.php?rest_route=\/wp\/v2\/posts"}],"about":[{"href":"https:\/\/zamanturkmenistan.com.tm\/index.php?rest_route=\/wp\/v2\/types\/post"}],"author":[{"embeddable":true,"href":"https:\/\/zamanturkmenistan.com.tm\/index.php?rest_route=\/wp\/v2\/users\/2"}],"replies":[{"embeddable":true,"href":"https:\/\/zamanturkmenistan.com.tm\/index.php?rest_route=%2Fwp%2Fv2%2Fcomments&post=159276"}],"version-history":[{"count":1,"href":"https:\/\/zamanturkmenistan.com.tm\/index.php?rest_route=\/wp\/v2\/posts\/159276\/revisions"}],"predecessor-version":[{"id":159278,"href":"https:\/\/zamanturkmenistan.com.tm\/index.php?rest_route=\/wp\/v2\/posts\/159276\/revisions\/159278"}],"wp:featuredmedia":[{"embeddable":true,"href":"https:\/\/zamanturkmenistan.com.tm\/index.php?rest_route=\/wp\/v2\/media\/159277"}],"wp:attachment":[{"href":"https:\/\/zamanturkmenistan.com.tm\/index.php?rest_route=%2Fwp%2Fv2%2Fmedia&parent=159276"}],"wp:term":[{"taxonomy":"category","embeddable":true,"href":"https:\/\/zamanturkmenistan.com.tm\/index.php?rest_route=%2Fwp%2Fv2%2Fcategories&post=159276"},{"taxonomy":"post_tag","embeddable":true,"href":"https:\/\/zamanturkmenistan.com.tm\/index.php?rest_route=%2Fwp%2Fv2%2Ftags&post=159276"}],"curies":[{"name":"wp","href":"https:\/\/api.w.org\/{rel}","templated":true}]}}