{"id":15959,"date":"2018-06-24T08:59:41","date_gmt":"2018-06-24T03:59:41","guid":{"rendered":"http:\/\/zamanturkmenistan.com\/?p=15959"},"modified":"2018-06-24T08:59:41","modified_gmt":"2018-06-24T03:59:41","slug":"volkswagen-e-80-yyl-doldy","status":"publish","type":"post","link":"https:\/\/zamanturkmenistan.com.tm\/?p=15959","title":{"rendered":"\u201cVolkswagen\u201d-e 80 \u00fdyl doldy"},"content":{"rendered":"<p>80 \u00fdyl mun\u00addan ozal, 1938-nji \u00fdy\u00adly\u0148 ma\u00ad\u00fdyn\u00adda il\u00adkin\u00adji \u201cVolks\u00adwa\u00adgen\u201d za\u00adwo\u00addy\u00adny\u0148 d\u00fc\u00fd\u00adbi tu\u00adtul\u00ad\u00fdar. As\u00adlyn\u00adda, kon\u00adser\u00adni\u0148 ta\u00adry\u00adhy 1934-nji \u00fdyl\u00addan ba\u015f\u00adlan\u00ad\u00fdar. Nemes halky \u00fc\u00e7in el\u00ad\u00fde\u00adter\u00adli u\u00adlag \u00f6n\u00add\u00fcr\u00admek i\u015fi me\u015f\u00adhur ne\u00admes konst\u00adruk\u00adto\u00adry Fer\u00addi\u00adnand Por\u00ad\u015fe tab\u00ad\u015fy\u00adryl\u00ad\u00fdar. Ol ba\u00adsym il\u00adkin\u00adji \u201chalk aw\u00adtou\u00adla\u00adgy\u00adny\u0148\u201d bir\u00adn\u00e4\u00ad\u00e7e g\u00f6r\u00adn\u00fc\u00ad\u015fi\u00adni d\u00f6\u00adre\u00addip, ola\u00adry\u0148 bi\u00adri uly me\u015f\u00adhur\u00adlyk ga\u00adzan\u00ad\u00fdar. Za\u00adwo\u00addy\u0148 ady \u201cvolk\u201d \u2013 halk, \u201cwa\u00adgen\u201d \u2013 u\u00adlag di\u00ad\u00fden s\u00f6z\u00adle\u00adr\u00adden yba\u00adrat\u00addyr. Il\u00adki-il\u00adki\u00adler \u201cVolks\u00adwa\u00adgen\u201d-i\u0148 da\u015f\u00adky ke\u015f\u00adbi tom\u00adza\u00adga \u00e7a\u00adlym edip\u00addir. Halk aw\u00adtou\u00adla\u00adgy\u00adny k\u00f6p\u00ad\u00e7\u00fc\u00adlik\u00adle\u00ad\u00fdin \u00f6n\u00add\u00fcr\u00admek mak\u00adsa\u00addy bi\u00adlen 1938-nji \u00fdy\u00adly\u0148 26-njy ma\u00ad\u00fdyn\u00adda Ger\u00adma\u00adni\u00ad\u00fda\u00adny\u0148 Wolfs\u00adburg \u015f\u00e4\u00adhe\u00adrin\u00adde \u201cVolks\u00adwa\u00adgen\u201d aw\u00adto\u00adza\u00adwo\u00addy\u00adny\u0148 gur\u00adlu\u00ad\u015fy\u00adgy\u00adna gi\u00adri\u00ad\u015fil\u00ad\u00fd\u00e4r. \u00dd\u00f6\u00adne ikin\u00adji ja\u00adhan ur\u00ad\u015fy onu\u0148 \u00f6n\u00fcm\u00ad\u00e7i\u00adli\u00adgi\u00adne p\u00e4s\u00adgel\u00ad\u00e7i\u00adlik d\u00f6\u00adred\u00ad\u00fd\u00e4r. Uru\u015f\u00addan so\u0148, 1947-nji \u00fdyl\u00adda \u201ctom\u00adzak\u201d Gan\u00adno\u00adwer\u00add\u00e4\u00adki ser\u00adg\u00e4 \u00e7y\u00adka\u00adry\u00adlyp, k\u00f6p\u00fc\u0148 g\u00f6wn\u00fcnden tur\u00fdar. \u015eon\u00addan so\u0148, k\u00e4r\u00adha\u00adna \u00ddew\u00adro\u00adpa\u00adny\u0148 d\u00fcr\u00adli \u00fdurt\u00adla\u00adryn\u00addan k\u00f6p san\u00adly sar\u00adgyt\u00adla\u00adry alyp ba\u015f\u00adla\u00ad\u00fdar.<br \/>\n1948-nji \u00fdyl\u00adda k\u00e4r\u00adha\u00adna\u00adny\u0148 d\u00fc\u00adz\u00fc\u00admi\u00adne has tej\u00adri\u00adbe\u00adli in\u00ad\u017ee\u00adner\u00adler i\u015fe \u00e7e\u00adkil\u00ad\u00fd\u00e4r. Ne\u00adti\u00adje\u00adde, aw\u00adtou\u00adlag\u00adlar has-da k\u00e4\u00admil\u00adle\u015f\u00addi\u00adri\u00adlip, da\u00ad\u015fa\u00adry \u00fdurt\u00adlar\u00adda k\u00e4r\u00adha\u00adna\u00adny\u0148 \u015fa\u00adham\u00ad\u00e7a\u00adla\u00adry a\u00e7yl\u00ad\u00fdar. Bu\u00adla\u00adry\u0148 \u00e4h\u00adli\u00adsi aw\u00adtou\u00adlag s\u00f6w\u00adda\u00adsy\u00adny\u0148 m\u00e4\u00adk\u00e4m ul\u00adga\u00admy\u00adny d\u00f6\u00adret\u00adm\u00e4\u00adge we k\u00f6p mil\u00adli\u00adon\u00adlyk gir\u00adde\u00adji\u00adli ne\u00admes se\u00adna\u00adgat k\u00e4r\u00adha\u00adna\u00adsy\u00adny\u0148 d\u00fc\u00fdp\u00adli \u00f6s\u00adme\u00adgi\u00adne \u00fdar\u00addam ber\u00ad\u00fd\u00e4r. 1960-njy \u00fdyl\u00adda \u201cVolks\u00adwa\u00adgen\u201d pa\u00fd\u00addar\u00adlar jem\u00adgy\u00ad\u00fde\u00adti\u00adne \u00f6w\u00adr\u00fc\u00adlip, onu\u0148 awtoulagy b\u00fc\u00adtin d\u00fcn\u00ad\u00fd\u00e4 dol\u00ad\u00fdar. Em\u00adma aw\u00adtou\u00adlag ba\u00adza\u00adryn\u00adda\u00adky s\u00f6w\u00adda\u00adda eme\u00adle ge\u00adlen k\u00e4\u00adbir pe\u00adse d\u00fc\u015f\u00adme\u00adler \u015fe\u00adre\u00adke\u00adti ti\u00adjen\u00adm\u00e4\u00adge mej\u00adbur ed\u00ad\u00fd\u00e4r we 1970-nji \u00fdyl\u00adlar\u00adda has k\u00e4mil ky\u00adsym\u00adla\u00adry\u0148 pe\u00fd\u00adda bol\u00adma\u00adgy\u00adna alyp bar\u00ad\u00fdar. H\u00e4zirki wagta \u201cVolks\u00adwa\u00adgen\u201d d\u00fcn\u00ad\u00fd\u00e4\u00adde aw\u00adtou\u00adlag sat\u00admakda \u00f6\u0148d\u00e4ki orunlary e\u00fdele\u00fd\u00e4r. Onu\u0148 bir\u00adn\u00e4\u00ad\u00e7e \u00fdurt\u00adda za\u00adwod\u00adla\u00adry bo\u00adlup, me\u015f\u00adhur mar\u00adka\u00adla\u00adry bi\u00adlen d\u00fcr\u00adli aw\u00adtou\u00adlag\u00adla\u00adry \u00f6n\u00add\u00fcr\u00ad\u00fd\u00e4r. Brendi\u0148 ba\u015f eda\u00adra\u00adsy Wolfs\u00adburg\u00adda \u00fder\u00adle\u015f\u00ad\u00fd\u00e4r. H\u00e4\u00adzir\u00adki wagt\u00adda \u00ddew\u00adro\u00adpa\u00adda sa\u00adtyl\u00ad\u00fdan aw\u00adtou\u00adlag\u00adla\u00adry\u0148 k\u00f6\u00adp\u00fc\u00adsi \u201cVolks\u00adwa\u00adgen Group\u201d-a de\u00adgi\u015f\u00adli\u00addir. Bu k\u00e4r\u00adha\u00adna yg\u00adty\u00adbar\u00adly\u00adly\u00adgy we hi\u00adli bi\u00adlen ta\u00adpa\u00adwut\u00adlan\u00ad\u00fdan h\u00e4\u00adzir\u00adki za\u00adman aw\u00adtou\u00adlag\u00adla\u00adry\u00adny\u0148 tu\u00adtu\u015f se\u00adri\u00ad\u00fda\u00adsy\u00adny h\u00f6\u00add\u00fcr\u00adle\u00ad\u00fd\u00e4r.<\/p>\n","protected":false},"excerpt":{"rendered":"<p>80 \u00fdyl mun\u00addan ozal, 1938-nji \u00fdy\u00adly\u0148 ma\u00ad\u00fdyn\u00adda il\u00adkin\u00adji \u201cVolks\u00adwa\u00adgen\u201d za\u00adwo\u00addy\u00adny\u0148 d\u00fc\u00fd\u00adbi tu\u00adtul\u00ad\u00fdar. As\u00adlyn\u00adda, kon\u00adser\u00adni\u0148 ta\u00adry\u00adhy 1934-nji \u00fdyl\u00addan ba\u015f\u00adlan\u00ad\u00fdar. Nemes halky \u00fc\u00e7in el\u00ad\u00fde\u00adter\u00adli u\u00adlag \u00f6n\u00add\u00fcr\u00admek i\u015fi me\u015f\u00adhur ne\u00admes konst\u00adruk\u00adto\u00adry Fer\u00addi\u00adnand Por\u00ad\u015fe tab\u00ad\u015fy\u00adryl\u00ad\u00fdar. Ol ba\u00adsym il\u00adkin\u00adji \u201chalk aw\u00adtou\u00adla\u00adgy\u00adny\u0148\u201d bir\u00adn\u00e4\u00ad\u00e7e g\u00f6r\u00adn\u00fc\u00ad\u015fi\u00adni d\u00f6\u00adre\u00addip, ola\u00adry\u0148 bi\u00adri uly me\u015f\u00adhur\u00adlyk ga\u00adzan\u00ad\u00fdar. Za\u00adwo\u00addy\u0148 ady \u201cvolk\u201d \u2013 halk, \u201cwa\u00adgen\u201d \u2013 u\u00adlag di\u00ad\u00fden s\u00f6z\u00adle\u00adr\u00adden yba\u00adrat\u00addyr. [&hellip;]<\/p>\n","protected":false},"author":1,"featured_media":15960,"comment_status":"open","ping_status":"closed","sticky":false,"template":"","format":"standard","meta":{"footnotes":""},"categories":[5],"tags":[],"acf":[],"_links":{"self":[{"href":"https:\/\/zamanturkmenistan.com.tm\/index.php?rest_route=\/wp\/v2\/posts\/15959"}],"collection":[{"href":"https:\/\/zamanturkmenistan.com.tm\/index.php?rest_route=\/wp\/v2\/posts"}],"about":[{"href":"https:\/\/zamanturkmenistan.com.tm\/index.php?rest_route=\/wp\/v2\/types\/post"}],"author":[{"embeddable":true,"href":"https:\/\/zamanturkmenistan.com.tm\/index.php?rest_route=\/wp\/v2\/users\/1"}],"replies":[{"embeddable":true,"href":"https:\/\/zamanturkmenistan.com.tm\/index.php?rest_route=%2Fwp%2Fv2%2Fcomments&post=15959"}],"version-history":[{"count":0,"href":"https:\/\/zamanturkmenistan.com.tm\/index.php?rest_route=\/wp\/v2\/posts\/15959\/revisions"}],"wp:featuredmedia":[{"embeddable":true,"href":"https:\/\/zamanturkmenistan.com.tm\/index.php?rest_route=\/wp\/v2\/media\/15960"}],"wp:attachment":[{"href":"https:\/\/zamanturkmenistan.com.tm\/index.php?rest_route=%2Fwp%2Fv2%2Fmedia&parent=15959"}],"wp:term":[{"taxonomy":"category","embeddable":true,"href":"https:\/\/zamanturkmenistan.com.tm\/index.php?rest_route=%2Fwp%2Fv2%2Fcategories&post=15959"},{"taxonomy":"post_tag","embeddable":true,"href":"https:\/\/zamanturkmenistan.com.tm\/index.php?rest_route=%2Fwp%2Fv2%2Ftags&post=15959"}],"curies":[{"name":"wp","href":"https:\/\/api.w.org\/{rel}","templated":true}]}}