{"id":16135,"date":"2018-07-07T14:00:44","date_gmt":"2018-07-07T09:00:44","guid":{"rendered":"http:\/\/zamanturkmenistan.com\/?p=16135"},"modified":"2018-07-07T14:00:44","modified_gmt":"2018-07-07T09:00:44","slug":"klas%c2%adsyk-aw%c2%adtou%c2%adlag%c2%adla%c2%adryn-ser%c2%adgi%c2%adsi","status":"publish","type":"post","link":"https:\/\/zamanturkmenistan.com.tm\/?p=16135","title":{"rendered":"Klas\u00adsyk aw\u00adtou\u00adlag\u00adla\u00adry\u0148 ser\u00adgi\u00adsi"},"content":{"rendered":"<p>Stam\u00adbul\u00adda ge\u00ad\u00e7i\u00adri\u00adlen klas\u00adsyk aw\u00adtou\u00adlag fes\u00adti\u00adwa\u00adlyn\u00adda d\u00fcr\u00adli \u201c\u00fda\u015f\u00adda\u00adky\u201d aw\u00adtou\u00adlag\u00adlar\u00addyr aw\u00adto\u00adbus\u00adlar, \u015fe\u00fd\u00adle hem \u00fd\u00fck ulag\u00adla\u00adry g\u00f6r\u00adke\u00adzil\u00addi. \u00dc\u00e7 g\u00fcn\u00adl\u00e4p do\u00adwam eden \u00e7\u00e4\u00adr\u00e4\u00adni\u0148 myh\u00adman\u00adla\u00adry 1886-njy \u00fdyl\u00addan 1981-nji \u00fdyl\u00adlar ara\u00adly\u00adgyn\u00adda \u00f6n\u00add\u00fc\u00adri\u00adlen bir-bi\u00adrin\u00adden owa\u00addan ulag\u00adla\u00adry syn\u00adla\u00adma\u00adga, aw\u00adtou\u00adlag se\u00adna\u00adga\u00adty\u00adny\u0148 \u00fdyl\u00adla\u00adry\u0148 do\u00adwa\u00admyn\u00adda ga\u00adza\u00adnan \u00f6s\u00fc\u00ad\u015fi\u00adni g\u00f6r\u00adm\u00e4\u00adge m\u00fcm\u00adkin\u00ad\u00e7i\u00adlik al\u00addy\u00adlar. Bu \u00fde\u00adre d\u00fcn\u00ad\u00fd\u00e4\u00adni\u0148 d\u00fcr\u00adli \u00fdurt\u00adla\u00adryn\u00addan bir\u00adn\u00e4\u00ad\u00e7e \u00fdyl\u00adlyk aw\u00adtou\u00adlag\u00adlar ge\u00adti\u00adri\u00adlip\u00addir. Ser\u00adgi\u00adde 500 t\u00f6\u00adwe\u00adre\u00adgi ulag g\u00f6r\u00adke\u00adzi\u00adlip, ola\u00adry\u0148 ara\u00adsyn\u00adda me\u015f\u00adhur film\u00adler\u00adde ula\u00adny\u00adlan\u00adla\u00adry hem az d\u00e4l. Bu \u00fc\u00fdt\u00adge\u00ad\u015fik ser\u00adg\u00e4 aw\u00adtou\u00adla\u00adgy\u0148 d\u00f6\u00adre\u00addi\u00adji\u00adsi ha\u00adsap\u00adlan\u00ad\u00fdan ne\u00admes in\u00ad\u017ee\u00adne\u00adri Karl Ben\u00adzi\u0148 sa\u00adgat\u00adda\u00adky tiz\u00adli\u00adgi 14,5 km-e \u00fdet\u00ad\u00fd\u00e4n, 1886-njy \u00fdyl\u00adda \u00f6n\u00add\u00fc\u00adri\u00adlen ula\u00adgy\u00adny\u0148 t\u00e4\u00adze\u00adden \u00fda\u00adsa\u00adlan nus\u00adga\u00adsy hem ge\u00adti\u00adri\u00adlip\u00addir. \u015ee\u00fd\u00adle hem 1930-njy \u00fdyl\u00adda \u00f6n\u00add\u00fc\u00adri\u00adlen \u201cCadil\u00adlac V16 Coupe\u201d, 1965-nji \u00fdyl\u00adda \u00f6n\u00add\u00fc\u00adri\u00adlen \u201cFord Ang\u00adlia\u201d, 1960-njy \u00fdyl\u00adda \u00f6n\u00add\u00fc\u00adri\u00adlen \u201cImp\u00adla\u201d, 1952-nji \u00fdyl\u00adda \u00f6n\u00add\u00fc\u00adri\u00adlen \u201cDe\u00adso\u00adto\u201d, 1966-njy \u00fdy\u00adly\u0148 \u201cMercedes\u201d-i, 1957-nji \u00fdyl\u00adda \u00e7y\u00adka\u00adry\u00adlan \u201cChevro\u00adlet\u201d ulag\u00adla\u00adry g\u00f6r\u00adke\u00adzil\u00addi. \u015ee\u00fd\u00adle hem hal\u00adka\u00adra fes\u00adti\u00adwal\u00adda Klark Gab\u00adle, Me\u00adri\u00adlin Mon\u00adro, Stiw Mak\u00adku\u00adin, El\u00adwis Pres\u00adli \u00fda\u00adly me\u015f\u00adhur ar\u00adtist\u00adle\u00adri\u0148 ula\u00adnan ka\u00ad\u015fa\u0148 aw\u00adtou\u00adlag\u00adla\u00adry bu \u00fde\u00adre ge\u00adlen\u00adle\u00adri\u0148 \u00fcn\u00ads\u00fc\u00adni \u00e7ek\u00addi. Ser\u00adgi\u00adni\u0148 \u00e7\u00e4k\u00adle\u00adrin\u00adde bu aw\u00adtou\u00adlag\u00adla\u00adry\u0148 sa\u00adtu\u00adwy ge\u00ad\u00e7i\u00adril\u00addi.<\/p>\n","protected":false},"excerpt":{"rendered":"<p>Stam\u00adbul\u00adda ge\u00ad\u00e7i\u00adri\u00adlen klas\u00adsyk aw\u00adtou\u00adlag fes\u00adti\u00adwa\u00adlyn\u00adda d\u00fcr\u00adli \u201c\u00fda\u015f\u00adda\u00adky\u201d aw\u00adtou\u00adlag\u00adlar\u00addyr aw\u00adto\u00adbus\u00adlar, \u015fe\u00fd\u00adle hem \u00fd\u00fck ulag\u00adla\u00adry g\u00f6r\u00adke\u00adzil\u00addi. \u00dc\u00e7 g\u00fcn\u00adl\u00e4p do\u00adwam eden \u00e7\u00e4\u00adr\u00e4\u00adni\u0148 myh\u00adman\u00adla\u00adry 1886-njy \u00fdyl\u00addan 1981-nji \u00fdyl\u00adlar ara\u00adly\u00adgyn\u00adda \u00f6n\u00add\u00fc\u00adri\u00adlen bir-bi\u00adrin\u00adden owa\u00addan ulag\u00adla\u00adry syn\u00adla\u00adma\u00adga, aw\u00adtou\u00adlag se\u00adna\u00adga\u00adty\u00adny\u0148 \u00fdyl\u00adla\u00adry\u0148 do\u00adwa\u00admyn\u00adda ga\u00adza\u00adnan \u00f6s\u00fc\u00ad\u015fi\u00adni g\u00f6r\u00adm\u00e4\u00adge m\u00fcm\u00adkin\u00ad\u00e7i\u00adlik al\u00addy\u00adlar. Bu \u00fde\u00adre d\u00fcn\u00ad\u00fd\u00e4\u00adni\u0148 d\u00fcr\u00adli \u00fdurt\u00adla\u00adryn\u00addan bir\u00adn\u00e4\u00ad\u00e7e \u00fdyl\u00adlyk aw\u00adtou\u00adlag\u00adlar ge\u00adti\u00adri\u00adlip\u00addir. Ser\u00adgi\u00adde 500 t\u00f6\u00adwe\u00adre\u00adgi ulag g\u00f6r\u00adke\u00adzi\u00adlip, ola\u00adry\u0148 ara\u00adsyn\u00adda [&hellip;]<\/p>\n","protected":false},"author":1,"featured_media":16136,"comment_status":"open","ping_status":"closed","sticky":false,"template":"","format":"standard","meta":{"footnotes":""},"categories":[8],"tags":[],"acf":[],"_links":{"self":[{"href":"https:\/\/zamanturkmenistan.com.tm\/index.php?rest_route=\/wp\/v2\/posts\/16135"}],"collection":[{"href":"https:\/\/zamanturkmenistan.com.tm\/index.php?rest_route=\/wp\/v2\/posts"}],"about":[{"href":"https:\/\/zamanturkmenistan.com.tm\/index.php?rest_route=\/wp\/v2\/types\/post"}],"author":[{"embeddable":true,"href":"https:\/\/zamanturkmenistan.com.tm\/index.php?rest_route=\/wp\/v2\/users\/1"}],"replies":[{"embeddable":true,"href":"https:\/\/zamanturkmenistan.com.tm\/index.php?rest_route=%2Fwp%2Fv2%2Fcomments&post=16135"}],"version-history":[{"count":0,"href":"https:\/\/zamanturkmenistan.com.tm\/index.php?rest_route=\/wp\/v2\/posts\/16135\/revisions"}],"wp:featuredmedia":[{"embeddable":true,"href":"https:\/\/zamanturkmenistan.com.tm\/index.php?rest_route=\/wp\/v2\/media\/16136"}],"wp:attachment":[{"href":"https:\/\/zamanturkmenistan.com.tm\/index.php?rest_route=%2Fwp%2Fv2%2Fmedia&parent=16135"}],"wp:term":[{"taxonomy":"category","embeddable":true,"href":"https:\/\/zamanturkmenistan.com.tm\/index.php?rest_route=%2Fwp%2Fv2%2Fcategories&post=16135"},{"taxonomy":"post_tag","embeddable":true,"href":"https:\/\/zamanturkmenistan.com.tm\/index.php?rest_route=%2Fwp%2Fv2%2Ftags&post=16135"}],"curies":[{"name":"wp","href":"https:\/\/api.w.org\/{rel}","templated":true}]}}