{"id":16277,"date":"2018-07-14T20:50:01","date_gmt":"2018-07-14T15:50:01","guid":{"rendered":"http:\/\/zamanturkmenistan.com\/?p=16277"},"modified":"2018-07-14T20:50:01","modified_gmt":"2018-07-14T15:50:01","slug":"fransiya-10-belgiya","status":"publish","type":"post","link":"https:\/\/zamanturkmenistan.com.tm\/?p=16277","title":{"rendered":"FRANSI\u00ddA   1:0   BELGI\u00ddA"},"content":{"rendered":"<p>* Fran\u00adsi\u00ad\u00fda bi\u00adlen Bel\u00adgi\u00ad\u00fda mun\u00addan ozal, 73 du\u00ad\u015fu\u00ad\u015fyk ge\u00ad\u00e7ir\u00addi. \u015eo\u00adlar\u00adda fran\u00adsuz\u00adlar 24, bel\u00adgi\u00ad\u00fda\u00adly\u00adlar 30 gezek \u00fde\u00ad\u0148i\u015f ga\u00adzan\u00addy. Bu du\u00ad\u015fu\u00ad\u015fyk iki to\u00adpa\u00adry\u0148 D\u00fcn\u00ad\u00fd\u00e4 \u00e7em\u00adpio\u00adnat\u00adla\u00adryn\u00adda\u00adky 3-nji du\u00ad\u015fu\u00ad\u015fy\u00adgy bo\u00adlup, \u00f6\u0148\u00adki 2 o\u00fdun\u00adda-da Fran\u00adsi\u00ad\u00fda gar\u00ad\u015fy\u00adda\u00ad\u015fy\u00adny \u00fde\u0148\u00adli\u00ad\u015fe se\u00adze\u00adwar et\u00addi. Fran\u00adsuz\u00adlar 1938-nji \u00fdyl\u00adda 3\u20131, 1986-njy \u00fdyl\u00adda 3-nji \u00fde\u00adr \u00fc\u00e7in du\u00ad\u015fu\u00ad\u015fyk\u00adda go\u015f\u00adma\u00ad\u00e7a wagt\u00adda 4\u20132 \u00fde\u00ad\u0148i\u015f ga\u00adza\u00adnyp\u00addy.<br \/>\n* \u00c7e\u00adke\u00adle\u00ad\u015fik\u00adli ge\u00ad\u00e7en o\u00fdun\u00adda iki ta\u00adra\u00adpam bir\u00adn\u00e4\u00ad\u00e7e amat\u00adly pur\u00adsat\u00adlary d\u00f6\u00adret\u00addi\u00adler. Ne\u00adti\u00adje\u00adde, 51-nji mi\u00adnut\u00adda bur\u00e7\u00addan \u00fde\u00adri\u00adne \u00fde\u00adti\u00adri\u00adlen ur\u00adgu\u00adda go\u00adrag\u00ad\u00e7y Sa\u00admu\u00adel Um\u00adti\u00adti Fran\u00adsi\u00ad\u00fda\u00adny \u00f6\u0148e \u00e7y\u00adkar\u00addy. Bu du\u00ad\u015fu\u00ad\u015fyk\u00adda\u00adky \u00fde\u00adke-t\u00e4k gol bo\u00adlup, fran\u00adsuz\u00adla\u00adra \u00fde\u00ad\u0148i\u015f \u00fc\u00e7in \u00fde\u00adter\u00adlik bol\u00addy.<br \/>\n* Bel\u00adgi\u00ad\u00fda\u00adny\u0148 \u00fdy\u00adgyn\u00addy\u00adsy 2016-njy \u00fdy\u00adly\u0148 sent\u00ad\u00fdab\u00adryn\u00addan b\u00e4\u00adri ge\u00ad\u00e7i\u00adren du\u00ad\u015fu\u00ad\u015fyk\u00adla\u00adryn\u00adda il\u00adkin\u00adji ge\u00adzek \u00fde\u0148\u00adli\u00ad\u015fe se\u00adze\u00adwar bol\u00addy.<br \/>\n* Fran\u00adsi\u00ad\u00fda\u00adny\u0148 \u00fdy\u00adgyn\u00addy\u00adsy 3-nji ge\u00adzek fi\u00adna\u00adla \u00e7y\u00adkyp, bu ba\u00adbat\u00adda Gol\u00adlan\u00addi\u00ad\u00fda bi\u00adlen de\u0148\u00adle\u015f\u00addi. Olar bu ba\u00adbat\u00adda \u00ddew\u00adro\u00adpa\u00adda Ger\u00adma\u00adni\u00ad\u00fda\u00addyr Ita\u00adli\u00ad\u00fda\u00addan so\u0148, 3-nji or\u00adny gol\u00adland\u00adlar bi\u00adlen pa\u00fd\u00adla\u015f\u00ad\u00fdar.<\/p>\n","protected":false},"excerpt":{"rendered":"<p>* Fran\u00adsi\u00ad\u00fda bi\u00adlen Bel\u00adgi\u00ad\u00fda mun\u00addan ozal, 73 du\u00ad\u015fu\u00ad\u015fyk ge\u00ad\u00e7ir\u00addi. \u015eo\u00adlar\u00adda fran\u00adsuz\u00adlar 24, bel\u00adgi\u00ad\u00fda\u00adly\u00adlar 30 gezek \u00fde\u00ad\u0148i\u015f ga\u00adzan\u00addy. Bu du\u00ad\u015fu\u00ad\u015fyk iki to\u00adpa\u00adry\u0148 D\u00fcn\u00ad\u00fd\u00e4 \u00e7em\u00adpio\u00adnat\u00adla\u00adryn\u00adda\u00adky 3-nji du\u00ad\u015fu\u00ad\u015fy\u00adgy bo\u00adlup, \u00f6\u0148\u00adki 2 o\u00fdun\u00adda-da Fran\u00adsi\u00ad\u00fda gar\u00ad\u015fy\u00adda\u00ad\u015fy\u00adny \u00fde\u0148\u00adli\u00ad\u015fe se\u00adze\u00adwar et\u00addi. Fran\u00adsuz\u00adlar 1938-nji \u00fdyl\u00adda 3\u20131, 1986-njy \u00fdyl\u00adda 3-nji \u00fde\u00adr \u00fc\u00e7in du\u00ad\u015fu\u00ad\u015fyk\u00adda go\u015f\u00adma\u00ad\u00e7a wagt\u00adda 4\u20132 \u00fde\u00ad\u0148i\u015f ga\u00adza\u00adnyp\u00addy. * \u00c7e\u00adke\u00adle\u00ad\u015fik\u00adli ge\u00ad\u00e7en o\u00fdun\u00adda iki ta\u00adra\u00adpam [&hellip;]<\/p>\n","protected":false},"author":1,"featured_media":16278,"comment_status":"open","ping_status":"closed","sticky":false,"template":"","format":"standard","meta":{"footnotes":""},"categories":[13],"tags":[],"acf":[],"_links":{"self":[{"href":"https:\/\/zamanturkmenistan.com.tm\/index.php?rest_route=\/wp\/v2\/posts\/16277"}],"collection":[{"href":"https:\/\/zamanturkmenistan.com.tm\/index.php?rest_route=\/wp\/v2\/posts"}],"about":[{"href":"https:\/\/zamanturkmenistan.com.tm\/index.php?rest_route=\/wp\/v2\/types\/post"}],"author":[{"embeddable":true,"href":"https:\/\/zamanturkmenistan.com.tm\/index.php?rest_route=\/wp\/v2\/users\/1"}],"replies":[{"embeddable":true,"href":"https:\/\/zamanturkmenistan.com.tm\/index.php?rest_route=%2Fwp%2Fv2%2Fcomments&post=16277"}],"version-history":[{"count":0,"href":"https:\/\/zamanturkmenistan.com.tm\/index.php?rest_route=\/wp\/v2\/posts\/16277\/revisions"}],"wp:featuredmedia":[{"embeddable":true,"href":"https:\/\/zamanturkmenistan.com.tm\/index.php?rest_route=\/wp\/v2\/media\/16278"}],"wp:attachment":[{"href":"https:\/\/zamanturkmenistan.com.tm\/index.php?rest_route=%2Fwp%2Fv2%2Fmedia&parent=16277"}],"wp:term":[{"taxonomy":"category","embeddable":true,"href":"https:\/\/zamanturkmenistan.com.tm\/index.php?rest_route=%2Fwp%2Fv2%2Fcategories&post=16277"},{"taxonomy":"post_tag","embeddable":true,"href":"https:\/\/zamanturkmenistan.com.tm\/index.php?rest_route=%2Fwp%2Fv2%2Ftags&post=16277"}],"curies":[{"name":"wp","href":"https:\/\/api.w.org\/{rel}","templated":true}]}}