{"id":162905,"date":"2026-03-28T09:39:13","date_gmt":"2026-03-28T04:39:13","guid":{"rendered":"https:\/\/zamanturkmenistan.com.tm\/?p=162905"},"modified":"2026-03-28T09:39:13","modified_gmt":"2026-03-28T04:39:13","slug":"turkmenistanyn-bmg-nin-ilat-gaznasy-bilen-hyzmatdaslygynyn-geljegi-ara-alnyp-maslahatlasyldy","status":"publish","type":"post","link":"https:\/\/zamanturkmenistan.com.tm\/?p=162905","title":{"rendered":"T\u00fcrkmenistany\u0148 BMG-ni\u0148 Ilat Gaznasy bilen hyzmatda\u015flygyny\u0148 geljegi ara alnyp maslahatla\u015fyldy"},"content":{"rendered":"<p>27-nji martda T\u00fcrkmenistany\u0148 Da\u015fary i\u015fler ministrini\u0148 orunbasary M\u00e4hri B\u00e4\u015fimowa bilen Birle\u015fen Milletler Guramasyny\u0148 Ilat Gaznasyny\u0148 (\u00ddUNFPA) G\u00fcndogar \u00ddewropa we Merkezi Azi\u00fda \u00fdurtlary bo\u00fdun\u00e7a Sebitle\u00fdin direktory hanym Florens Bauer, \u015fe\u00fdle hem UNFPA-ny\u0148 T\u00fcrkmenistandaky \u00fdurt direktory hanym \u00c7inwe Ogbonna bilen du\u015fu\u015fyk ge\u00e7irildi.<br \/>\nDu\u015fu\u015fygy\u0148 bar\u015fynda taraplar T\u00fcrkmenistany\u0148 \u00ddUNFPA bilen hyzmatda\u015flygyny\u0148 \u00fdokary derejesini bellediler.<br \/>\n2026\u20132030-njy \u00fdyllar \u00fc\u00e7in UNFPA-ny\u0148 T\u00fcrkmenistan bo\u00fdun\u00e7a \u00ddurt maksatnamasyny\u0148 durmu\u015fa ge\u00e7irili\u015fine, \u015fe\u00fdle hem reproduktiw we en\u00e4ni\u0148 saglygyny goramak, gender de\u0148ligini ilerletmek we \u00fda\u015flary\u0148 arasynda sagdyn jemgy\u00fdet\u00e7ilik kadalaryny kemala getirmek ugurlaryndaky hyzmatda\u015flyga a\u00fdratyn \u00e4hmi\u00fdet berildi.<br \/>\n2021-2025-nji \u00fdyllar \u00fc\u00e7in gender de\u0148ligi bo\u00fdun\u00e7a Hereketleri\u0148 milli me\u00fdilnamasyny\u0148 \u00fcst\u00fcnlikli durmu\u015fa ge\u00e7irilmegi, \u015fe\u00fdle hem 2026-2030-njy \u00fdyllar \u00fc\u00e7in bu Me\u00fdilnamany\u0148 nobatdaky tapgyryny\u0148 i\u015flenip ta\u00fd\u00fdarlanylmagy ara alnyp maslahatla\u015fyldy.<br \/>\nDu\u015fu\u015fygy\u0148 ahyrynda taraplar hyzmatda\u015flygy mundan be\u00fdl\u00e4k-de \u00f6sd\u00fcrm\u00e4ge \u00f6zara gyzyklanma bildirip, t\u00e4ze \u00ddurt maksatnamasyny\u0148 \u00e7\u00e4klerinde bilelikd\u00e4ki taslamalary durmu\u015fa ge\u00e7irm\u00e4ge ta\u00fd\u00fdardyklaryny tassykladylar.<\/p>\n","protected":false},"excerpt":{"rendered":"<p>27-nji martda T\u00fcrkmenistany\u0148 Da\u015fary i\u015fler ministrini\u0148 orunbasary M\u00e4hri B\u00e4\u015fimowa bilen Birle\u015fen Milletler Guramasyny\u0148 Ilat Gaznasyny\u0148 (\u00ddUNFPA) G\u00fcndogar \u00ddewropa we Merkezi Azi\u00fda \u00fdurtlary bo\u00fdun\u00e7a Sebitle\u00fdin direktory hanym Florens Bauer, \u015fe\u00fdle hem UNFPA-ny\u0148 T\u00fcrkmenistandaky \u00fdurt direktory hanym \u00c7inwe Ogbonna bilen du\u015fu\u015fyk ge\u00e7irildi. Du\u015fu\u015fygy\u0148 bar\u015fynda taraplar T\u00fcrkmenistany\u0148 \u00ddUNFPA bilen hyzmatda\u015flygyny\u0148 \u00fdokary derejesini bellediler. 2026\u20132030-njy \u00fdyllar \u00fc\u00e7in UNFPA-ny\u0148 T\u00fcrkmenistan [&hellip;]<\/p>\n","protected":false},"author":2,"featured_media":162906,"comment_status":"open","ping_status":"closed","sticky":false,"template":"","format":"standard","meta":{"footnotes":""},"categories":[3],"tags":[],"acf":[],"_links":{"self":[{"href":"https:\/\/zamanturkmenistan.com.tm\/index.php?rest_route=\/wp\/v2\/posts\/162905"}],"collection":[{"href":"https:\/\/zamanturkmenistan.com.tm\/index.php?rest_route=\/wp\/v2\/posts"}],"about":[{"href":"https:\/\/zamanturkmenistan.com.tm\/index.php?rest_route=\/wp\/v2\/types\/post"}],"author":[{"embeddable":true,"href":"https:\/\/zamanturkmenistan.com.tm\/index.php?rest_route=\/wp\/v2\/users\/2"}],"replies":[{"embeddable":true,"href":"https:\/\/zamanturkmenistan.com.tm\/index.php?rest_route=%2Fwp%2Fv2%2Fcomments&post=162905"}],"version-history":[{"count":1,"href":"https:\/\/zamanturkmenistan.com.tm\/index.php?rest_route=\/wp\/v2\/posts\/162905\/revisions"}],"predecessor-version":[{"id":162907,"href":"https:\/\/zamanturkmenistan.com.tm\/index.php?rest_route=\/wp\/v2\/posts\/162905\/revisions\/162907"}],"wp:featuredmedia":[{"embeddable":true,"href":"https:\/\/zamanturkmenistan.com.tm\/index.php?rest_route=\/wp\/v2\/media\/162906"}],"wp:attachment":[{"href":"https:\/\/zamanturkmenistan.com.tm\/index.php?rest_route=%2Fwp%2Fv2%2Fmedia&parent=162905"}],"wp:term":[{"taxonomy":"category","embeddable":true,"href":"https:\/\/zamanturkmenistan.com.tm\/index.php?rest_route=%2Fwp%2Fv2%2Fcategories&post=162905"},{"taxonomy":"post_tag","embeddable":true,"href":"https:\/\/zamanturkmenistan.com.tm\/index.php?rest_route=%2Fwp%2Fv2%2Ftags&post=162905"}],"curies":[{"name":"wp","href":"https:\/\/api.w.org\/{rel}","templated":true}]}}