{"id":162911,"date":"2026-03-28T10:06:43","date_gmt":"2026-03-28T05:06:43","guid":{"rendered":"https:\/\/zamanturkmenistan.com.tm\/?p=162911"},"modified":"2026-03-28T10:06:43","modified_gmt":"2026-03-28T05:06:43","slug":"resmi-habarlar-30","status":"publish","type":"post","link":"https:\/\/zamanturkmenistan.com.tm\/?p=162911","title":{"rendered":"Resmi habarlar"},"content":{"rendered":"<p>Berkarar d\u00f6wleti\u0148 t\u00e4ze e\u00fd\u00fdamyny\u0148 Galkyny\u015fy d\u00f6wr\u00fcnde \u00fdurdumyzy\u0148 oba hojalyk pudagynda amala a\u015fyryl\u00fdan \u00f6zgertmeleri dowam etdirmek, \u00f6nd\u00fcril\u00fd\u00e4n oba hojalyk \u00f6n\u00fcmlerini\u0148 m\u00f6\u00e7berini has-da artdyrmak hem-de \u015falyny\u0148 \u00fdokary hasylyny \u00f6nd\u00fcrmek maksady bilen, T\u00fcrkmenistany\u0148 Prezidenti T\u00fcrkmenistanda 2026-njy \u00fdylda \u015faly \u00f6nd\u00fcrmek hakynda Karara gol \u00e7ekdi. Resminama la\u00fdyklykda, Oba hojalyk ministrligine, \u201cT\u00fcrkmengalla\u00f6n\u00fcmleri\u201d d\u00f6wlet birle\u015figine, Da\u015foguz we Lebap wela\u00fdatlaryny\u0148 h\u00e4kimliklerine bu wela\u00fdatlary\u0148 degi\u015fli etraplarynda \u00f6n\u00fcm\u00e7iligi hem-de ekin dolany\u015fygyny agrotehnikany\u0148 talaplaryna la\u00fdyklykda, ylmy esasda \u00fdola go\u00fdmak bilen, \u015falyny\u0148 \u00fdokary hasylyny\u0148 \u00f6nd\u00fcrilmegini \u00fcpj\u00fcn etmek tab\u015fyryldy.<br \/>\n***<br \/>\nBerkarar d\u00f6wleti\u0148 t\u00e4ze e\u00fd\u00fdamyny\u0148 Galkyny\u015fy d\u00f6wr\u00fcnde \u00fdurdu\u0148 innowasion ykdysady \u00f6s\u00fc\u015finde intellektual e\u00fde\u00e7ilik ulgamyny\u0148 \u00e4hmi\u00fdetini has-da artdyrmak, milli intellektual e\u00fde\u00e7ilik ulgamyny\u0148 hukuk bin\u00fdadyny halkara standartlara la\u00fdyklykda k\u00e4mille\u015fdirmek, intellektual e\u00fde\u00e7ilik hukuklaryny\u0148 netijeli goralmagyny \u00fcpj\u00fcn etmek maksady bilen, T\u00fcrkmenistany\u0148 Prezidenti Karara gol \u00e7ekdi. Resminama la\u00fdyklykda, \u201cT\u00fcrkmenistany\u0148 intellektual e\u00fde\u00e7ilik ulgamyny \u00f6sd\u00fcrmegi\u0148 2026 \u2014 2052-nji \u00fdyllar \u00fc\u00e7in Konsepsi\u00fdasy\u201d hem-de \u015fu Konsepsi\u00fdany amala a\u015fyrmak bo\u00fdun\u00e7a \u00fderine \u00fdetirilmeli \u00e7\u00e4releri\u0148 2026 \u2014 2030-njy \u00fdyllar \u00fc\u00e7in me\u00fdilnamasy tassyklandy.<br \/>\nMali\u00fde we ykdysady\u00fdet ministrligine, degi\u015fli ministrliklere, pudakla\u00fdyn dolandyry\u015f edaralaryna konsepsi\u00fdada we me\u00fdilnamada bellenen \u00e7\u00e4releri\u0148 amala a\u015fyrylmagyny \u00fcpj\u00fcn etmek tab\u015fyryldy.<\/p>\n","protected":false},"excerpt":{"rendered":"<p>Berkarar d\u00f6wleti\u0148 t\u00e4ze e\u00fd\u00fdamyny\u0148 Galkyny\u015fy d\u00f6wr\u00fcnde \u00fdurdumyzy\u0148 oba hojalyk pudagynda amala a\u015fyryl\u00fdan \u00f6zgertmeleri dowam etdirmek, \u00f6nd\u00fcril\u00fd\u00e4n oba hojalyk \u00f6n\u00fcmlerini\u0148 m\u00f6\u00e7berini has-da artdyrmak hem-de \u015falyny\u0148 \u00fdokary hasylyny \u00f6nd\u00fcrmek maksady bilen, T\u00fcrkmenistany\u0148 Prezidenti T\u00fcrkmenistanda 2026-njy \u00fdylda \u015faly \u00f6nd\u00fcrmek hakynda Karara gol \u00e7ekdi. Resminama la\u00fdyklykda, Oba hojalyk ministrligine, \u201cT\u00fcrkmengalla\u00f6n\u00fcmleri\u201d d\u00f6wlet birle\u015figine, Da\u015foguz we Lebap wela\u00fdatlaryny\u0148 h\u00e4kimliklerine bu wela\u00fdatlary\u0148 [&hellip;]<\/p>\n","protected":false},"author":2,"featured_media":85941,"comment_status":"open","ping_status":"closed","sticky":false,"template":"","format":"standard","meta":{"footnotes":""},"categories":[3],"tags":[],"acf":[],"_links":{"self":[{"href":"https:\/\/zamanturkmenistan.com.tm\/index.php?rest_route=\/wp\/v2\/posts\/162911"}],"collection":[{"href":"https:\/\/zamanturkmenistan.com.tm\/index.php?rest_route=\/wp\/v2\/posts"}],"about":[{"href":"https:\/\/zamanturkmenistan.com.tm\/index.php?rest_route=\/wp\/v2\/types\/post"}],"author":[{"embeddable":true,"href":"https:\/\/zamanturkmenistan.com.tm\/index.php?rest_route=\/wp\/v2\/users\/2"}],"replies":[{"embeddable":true,"href":"https:\/\/zamanturkmenistan.com.tm\/index.php?rest_route=%2Fwp%2Fv2%2Fcomments&post=162911"}],"version-history":[{"count":1,"href":"https:\/\/zamanturkmenistan.com.tm\/index.php?rest_route=\/wp\/v2\/posts\/162911\/revisions"}],"predecessor-version":[{"id":162912,"href":"https:\/\/zamanturkmenistan.com.tm\/index.php?rest_route=\/wp\/v2\/posts\/162911\/revisions\/162912"}],"wp:featuredmedia":[{"embeddable":true,"href":"https:\/\/zamanturkmenistan.com.tm\/index.php?rest_route=\/wp\/v2\/media\/85941"}],"wp:attachment":[{"href":"https:\/\/zamanturkmenistan.com.tm\/index.php?rest_route=%2Fwp%2Fv2%2Fmedia&parent=162911"}],"wp:term":[{"taxonomy":"category","embeddable":true,"href":"https:\/\/zamanturkmenistan.com.tm\/index.php?rest_route=%2Fwp%2Fv2%2Fcategories&post=162911"},{"taxonomy":"post_tag","embeddable":true,"href":"https:\/\/zamanturkmenistan.com.tm\/index.php?rest_route=%2Fwp%2Fv2%2Ftags&post=162911"}],"curies":[{"name":"wp","href":"https:\/\/api.w.org\/{rel}","templated":true}]}}