{"id":165187,"date":"2026-04-27T10:14:39","date_gmt":"2026-04-27T05:14:39","guid":{"rendered":"https:\/\/zamanturkmenistan.com.tm\/?p=165187"},"modified":"2026-04-27T10:14:39","modified_gmt":"2026-04-27T05:14:39","slug":"turkmenistanyn-bmg-nin-yanyndaky-hemiselik-wekili-bmg-nin-bas-sekretaryna-ynanc-hatlaryny-gowsurdy","status":"publish","type":"post","link":"https:\/\/zamanturkmenistan.com.tm\/?p=165187","title":{"rendered":"T\u00fcrkmenistany\u0148 BMG-ni\u0148 \u00fdanyndaky Hemi\u015felik wekili BMG-ni\u0148 Ba\u015f sekretaryna ynan\u00e7 hatlaryny gow\u015furdy"},"content":{"rendered":"<p>20-nji aprelde T\u00fcrkmenistany\u0148 BMG-ni\u0148 \u00fdanyndaky Hemi\u015felik wekili Wepa Hajy\u00fdew Birle\u015fen Milletler Guramasyny\u0148 Ba\u015f sekretary Antoniu Guterri\u015fe ynan\u00e7 hatlaryny gow\u015furdy.<br \/>\nYnan\u00e7 hatlaryny gow\u015furyly\u015f dabarasyny\u0148 \u00e7\u00e4klerinde gysga s\u00f6hbetde\u015flik ge\u00e7irildi, onu\u0148 dowamynda BMG-ni\u0148 Ba\u015f sekretaryna T\u00fcrkmenistany\u0148 Hormatly Prezidenti Serdar Berdimuhamedowy\u0148 hem-de t\u00fcrkmen halkyny\u0148 Milli Lideri, T\u00fcrkmenistany\u0148 Halk Maslahatyny\u0148 Ba\u015flygy Gahryman Arkadagy\u0148 m\u00e4hirli salamlary \u00fdetirildi.<br \/>\n\u00d6z gezeginde, Ba\u015f sekretar T\u00fcrkmenistany\u0148 \u00fdolba\u015f\u00e7ylaryna hormat we minnetdarlyk s\u00f6zlerini \u00fdetirmegi ha\u00fdy\u015f etdi hem-de Guramany\u0148 i\u015fine beril\u00fd\u00e4n goldaw we strategiki hyzmatda\u015flygy\u0148 \u00f6sd\u00fcrilmegine go\u015fant \u00fc\u00e7in ho\u015fallygyny bildirdi.<br \/>\nTaraplar T\u00fcrkmenistany\u0148 BMG-ni\u0148 d\u00fcz\u00fcmleri bilen hyzmatda\u015flygyny\u0148 m\u00f6h\u00fcm ugurlaryny ara alyp maslahatla\u015fdylar, hususan-da parahat\u00e7ylygy we howpsuzlygy berkitmek, \u00f6\u0148\u00fcni aly\u015f diplomati\u00fdasyny\u0148 we ara\u00e7ylyk gurallaryny\u0148 \u00f6sd\u00fcrilmegi, \u015fe\u00fdle hem ulag, energetika we da\u015fky gur\u015fawy goramak ugurlarynda durnukly \u00f6s\u00fc\u015fi\u0148 \u00fcpj\u00fcn edilmegi barada pikir aly\u015fdylar.<br \/>\nBa\u015f sekretar T\u00fcrkmenistany\u0148 hemi\u015felik bitaraplyk sy\u00fdasatyny\u0148 \u00e4hmi\u00fdetini a\u00fdratyn nygtady, onu\u0148 sebitde durnuklylygy\u0148 berk bin\u00fdady bolup hyzmat ed\u00fd\u00e4ndigini belledi. \u015ee\u00fdle hem A\u015fgabat \u015f\u00e4herinde \u00fderle\u015f\u00fd\u00e4n BMG-ni\u0148 Merkezi Azi\u00fda \u00fc\u00e7in \u00f6\u0148\u00fcni aly\u015f diplomati\u00fdasy bo\u00fdun\u00e7a Sebit merkezini\u0148 \u00e4hmi\u00fdeti a\u00fdratyn bellenildi.<br \/>\nT\u00fcrkmen tarapyna Owganystany\u0148 durmu\u015f-ykdysady ta\u00fddan dikeldilmegine hem-de \u00f6s\u00fc\u015fine, \u015fe\u00fdle-de onu\u0148 iri sebitara ulag-energetika taslamalaryna go\u015fuly\u015fmagyna go\u015f\u00fdan amaly go\u015fandy \u00fc\u00e7in ho\u015fallyk bildirildi.<br \/>\nAntoniu Guterri\u015f 2025-nji \u00fdyly\u0148 awgustynda \u201cAwaza\u201d milli sy\u00fdahat\u00e7ylyk zolagynda ge\u00e7irilen BMG-ni\u0148 De\u0148ze \u00e7ykalgasy bolmadyk \u00f6s\u00fcp bar\u00fdan d\u00f6wletler bo\u00fdun\u00e7a \u00fc\u00e7\u00fcnji maslahatyny \u00fdakymly du\u00fdgular bilen \u00fdatlandygyny a\u00fdtdy. \u015ee\u00fdle hem t\u00fcrkmen \u00fdolba\u015f\u00e7ylaryny\u0148 myhmans\u00f6\u00fderligi we maslahaty\u0148 jemleri bo\u00fdun\u00e7a kabul edilen Hereketleri\u0148 Awaza maksatnamasyny\u0148 geljekki on\u00fdyllyk \u00fc\u00e7in \u00e4hmi\u00fdeti a\u00fdratyn nygtaldy.<br \/>\nBa\u015f sekretar halkara \u00fdagda\u00fdlary\u0148 \u00e7yl\u015fyrymla\u015f\u00fdan \u015fertlerinde T\u00fcrkmenistany\u0148 BMG-ni\u0148 ornuny berkitmekd\u00e4ki m\u00f6h\u00fcm ornuny \u00fdene-de bir gezek belledi hem-de Sekretariaty\u0148 geljekde hem netijeli hyzmatda\u015flygy \u00f6sd\u00fcrm\u00e4ge ta\u00fd\u00fdardygyny tassyklady.<\/p>\n","protected":false},"excerpt":{"rendered":"<p>20-nji aprelde T\u00fcrkmenistany\u0148 BMG-ni\u0148 \u00fdanyndaky Hemi\u015felik wekili Wepa Hajy\u00fdew Birle\u015fen Milletler Guramasyny\u0148 Ba\u015f sekretary Antoniu Guterri\u015fe ynan\u00e7 hatlaryny gow\u015furdy. Ynan\u00e7 hatlaryny gow\u015furyly\u015f dabarasyny\u0148 \u00e7\u00e4klerinde gysga s\u00f6hbetde\u015flik ge\u00e7irildi, onu\u0148 dowamynda BMG-ni\u0148 Ba\u015f sekretaryna T\u00fcrkmenistany\u0148 Hormatly Prezidenti Serdar Berdimuhamedowy\u0148 hem-de t\u00fcrkmen halkyny\u0148 Milli Lideri, T\u00fcrkmenistany\u0148 Halk Maslahatyny\u0148 Ba\u015flygy Gahryman Arkadagy\u0148 m\u00e4hirli salamlary \u00fdetirildi. \u00d6z gezeginde, Ba\u015f sekretar [&hellip;]<\/p>\n","protected":false},"author":2,"featured_media":165188,"comment_status":"open","ping_status":"closed","sticky":false,"template":"","format":"standard","meta":{"footnotes":""},"categories":[3],"tags":[],"acf":[],"_links":{"self":[{"href":"https:\/\/zamanturkmenistan.com.tm\/index.php?rest_route=\/wp\/v2\/posts\/165187"}],"collection":[{"href":"https:\/\/zamanturkmenistan.com.tm\/index.php?rest_route=\/wp\/v2\/posts"}],"about":[{"href":"https:\/\/zamanturkmenistan.com.tm\/index.php?rest_route=\/wp\/v2\/types\/post"}],"author":[{"embeddable":true,"href":"https:\/\/zamanturkmenistan.com.tm\/index.php?rest_route=\/wp\/v2\/users\/2"}],"replies":[{"embeddable":true,"href":"https:\/\/zamanturkmenistan.com.tm\/index.php?rest_route=%2Fwp%2Fv2%2Fcomments&post=165187"}],"version-history":[{"count":1,"href":"https:\/\/zamanturkmenistan.com.tm\/index.php?rest_route=\/wp\/v2\/posts\/165187\/revisions"}],"predecessor-version":[{"id":165189,"href":"https:\/\/zamanturkmenistan.com.tm\/index.php?rest_route=\/wp\/v2\/posts\/165187\/revisions\/165189"}],"wp:featuredmedia":[{"embeddable":true,"href":"https:\/\/zamanturkmenistan.com.tm\/index.php?rest_route=\/wp\/v2\/media\/165188"}],"wp:attachment":[{"href":"https:\/\/zamanturkmenistan.com.tm\/index.php?rest_route=%2Fwp%2Fv2%2Fmedia&parent=165187"}],"wp:term":[{"taxonomy":"category","embeddable":true,"href":"https:\/\/zamanturkmenistan.com.tm\/index.php?rest_route=%2Fwp%2Fv2%2Fcategories&post=165187"},{"taxonomy":"post_tag","embeddable":true,"href":"https:\/\/zamanturkmenistan.com.tm\/index.php?rest_route=%2Fwp%2Fv2%2Ftags&post=165187"}],"curies":[{"name":"wp","href":"https:\/\/api.w.org\/{rel}","templated":true}]}}