{"id":165278,"date":"2026-04-27T15:22:36","date_gmt":"2026-04-27T10:22:36","guid":{"rendered":"https:\/\/zamanturkmenistan.com.tm\/?p=165278"},"modified":"2026-04-27T15:22:36","modified_gmt":"2026-04-27T10:22:36","slug":"jahan-doredijilik-merkezinin-cagalar-tans-topary-turkiyedaki-festiwala-gatnasdy","status":"publish","type":"post","link":"https:\/\/zamanturkmenistan.com.tm\/?p=165278","title":{"rendered":"Jahan\u00bb d\u00f6redijilik merkezini\u0148 \u00e7agalar tans topary T\u00fcrki\u00fded\u00e4ki festiwala gatna\u015fdy"},"content":{"rendered":"<p>19 \u2013 24-nji aprelde A\u015fgabat \u015f\u00e4her h\u00e4kimligini\u0148 \u00abJahan\u00bb d\u00f6redijilik merkezini\u0148 \u00e7agalar tans topary T\u00fcrki\u00fde Respublikasyny\u0148 Ankara \u015f\u00e4herinde ge\u00e7irilen 48-nji halkara \u00e7agalar festiwalynda \u00fcst\u00fcnlikli \u00e7yky\u015f etdiler. T\u00fcrki\u00fd\u00e4ni\u0148 D\u00f6wlet teleradiokompani\u00fdasy (TRT) tarapyndan guralan festiwala d\u00fcn\u00fd\u00e4ni\u0148 27 \u00fdurdundan \u00e7agalar toparlary gatna\u015fyp, medeni\u00fdetleri\u0148 d\u00fcrl\u00fcligini, olary\u0148 \u00e4hlisini\u0148 parahat\u00e7ylygy we dostlugy wagyz ed\u00fd\u00e4ndigini jo\u015fgunly be\u00fdan etdiler.<br \/>\nDoganlyk \u00fdurtda her \u00fdyl ge\u00e7irilmegi d\u00e4be \u00f6wr\u00fclen \u00e7agalar festiwaly bu gezek \u00f6z\u00fcni\u0148 gerimi we mazmuny bo\u00fdun\u00e7a ge\u00e7en \u00fdyldakylardan has-da tapawutlandy. Festiwal Germani\u00fda, Itali\u00fda, Be\u00fdik Britani\u00fda, Wengri\u00fda, Serbi\u00fda, Albani\u00fda, Estoni\u00fda, Makedoni\u00fda, Ukraina, Moldowa, T\u00fcrkmenistan, Gazagystan, \u00d6zbegistan, Gyrgyzystan, Azerba\u00fdjan, Gruzi\u00fda, Mongoli\u00fda, Pakistan, Yrak, Siri\u00fda, Palestina, Wenesuela, Marokko, Keni\u00fda, Gana \u00fdaly \u00fdurtlary\u0148 \u00e7agalar d\u00f6redijilik toparlaryny bir \u00fdere jemledi. Ol \u00fda\u015f nesli\u0148 d\u00f6redijilik m\u00fcmkin\u00e7iliklerini g\u00f6rkezmek arkaly halklary\u0148 we \u00fdurtlary\u0148 arasynda dostluk, ynany\u015fmak \u00fd\u00f6relgelerini pugtalandyrmaga, medeni hyzmatda\u015flygy \u00f6sd\u00fcrm\u00e4ge g\u00f6n\u00fckdirilendir.<br \/>\nHalkara festiwalda Watanymyza wekil\u00e7ilik eden \u00abJahan\u00bb d\u00f6redijilik merkezini\u0148 \u00e7agalar tans toparyny\u0148 zehinli \u00e7agalary jo\u015fgunly \u00e7yky\u015flary bilen \u00e7\u00e4r\u00e4 gatna\u015fyjylarda \u00fdatdan \u00e7ykmajak t\u00e4sirleri galdyrdylar.<br \/>\nBezemen sahnada \u00fderine \u00fdetirilen \u00e7yky\u015flar dostluk, \u00e4hlumumy abadan\u00e7ylyk baradaky senany\u0148 \u00e7agalary\u0148 dilinde has t\u00e4sirli \u00fda\u0148lan\u00fdandygyny, bu gymmatlyklary\u0148 h\u00e4zirki d\u00f6w\u00fcrde n\u00e4derejede m\u00f6h\u00fcmdigini \u00e4\u015fg\u00e4r etdi. Milli lybaslarda \u00e7yky\u015f eden \u00fdurdumyzy\u0148 \u00e7agalar toparyny\u0148 \u00e7yky\u015flary dowamly el \u00e7arpy\u015fmalara beslendi. Halkara festiwala gatna\u015fan \u00e4hli d\u00f6redijilik toparlaryny\u0148 bilelikde \u00fderine \u00fdetiren jemle\u00fdji \u00e7yky\u015fy adamzady\u0148 \u00fdagty geljegi, \u00e7agalary\u0148 abadan\u00e7ylygy \u00fc\u00e7in \u00e4hlumumy tagallalara \u00e7agyry\u015f bolup \u00fda\u0148landy. Festiwaly\u0148 medeni maksatnamasyny\u0148 \u00e7\u00e4klerinde \u00fdurdumyzy\u0148 \u00e7agalar topary Ankara \u015f\u00e4herini\u0148 taryhy \u00fderlerine baryp g\u00f6rd\u00fcler, \u015fol sanda T\u00fcrki\u00fde Respublikasyny esaslandyryjy Mustafa Kemal Atat\u00fcrk\u00fc\u0148 aramg\u00e4hine zy\u00fdarat etdiler.<\/p>\n","protected":false},"excerpt":{"rendered":"<p>19 \u2013 24-nji aprelde A\u015fgabat \u015f\u00e4her h\u00e4kimligini\u0148 \u00abJahan\u00bb d\u00f6redijilik merkezini\u0148 \u00e7agalar tans topary T\u00fcrki\u00fde Respublikasyny\u0148 Ankara \u015f\u00e4herinde ge\u00e7irilen 48-nji halkara \u00e7agalar festiwalynda \u00fcst\u00fcnlikli \u00e7yky\u015f etdiler. T\u00fcrki\u00fd\u00e4ni\u0148 D\u00f6wlet teleradiokompani\u00fdasy (TRT) tarapyndan guralan festiwala d\u00fcn\u00fd\u00e4ni\u0148 27 \u00fdurdundan \u00e7agalar toparlary gatna\u015fyp, medeni\u00fdetleri\u0148 d\u00fcrl\u00fcligini, olary\u0148 \u00e4hlisini\u0148 parahat\u00e7ylygy we dostlugy wagyz ed\u00fd\u00e4ndigini jo\u015fgunly be\u00fdan etdiler. Doganlyk \u00fdurtda her \u00fdyl ge\u00e7irilmegi [&hellip;]<\/p>\n","protected":false},"author":2,"featured_media":165279,"comment_status":"open","ping_status":"closed","sticky":false,"template":"","format":"standard","meta":{"footnotes":""},"categories":[3],"tags":[],"acf":[],"_links":{"self":[{"href":"https:\/\/zamanturkmenistan.com.tm\/index.php?rest_route=\/wp\/v2\/posts\/165278"}],"collection":[{"href":"https:\/\/zamanturkmenistan.com.tm\/index.php?rest_route=\/wp\/v2\/posts"}],"about":[{"href":"https:\/\/zamanturkmenistan.com.tm\/index.php?rest_route=\/wp\/v2\/types\/post"}],"author":[{"embeddable":true,"href":"https:\/\/zamanturkmenistan.com.tm\/index.php?rest_route=\/wp\/v2\/users\/2"}],"replies":[{"embeddable":true,"href":"https:\/\/zamanturkmenistan.com.tm\/index.php?rest_route=%2Fwp%2Fv2%2Fcomments&post=165278"}],"version-history":[{"count":1,"href":"https:\/\/zamanturkmenistan.com.tm\/index.php?rest_route=\/wp\/v2\/posts\/165278\/revisions"}],"predecessor-version":[{"id":165280,"href":"https:\/\/zamanturkmenistan.com.tm\/index.php?rest_route=\/wp\/v2\/posts\/165278\/revisions\/165280"}],"wp:featuredmedia":[{"embeddable":true,"href":"https:\/\/zamanturkmenistan.com.tm\/index.php?rest_route=\/wp\/v2\/media\/165279"}],"wp:attachment":[{"href":"https:\/\/zamanturkmenistan.com.tm\/index.php?rest_route=%2Fwp%2Fv2%2Fmedia&parent=165278"}],"wp:term":[{"taxonomy":"category","embeddable":true,"href":"https:\/\/zamanturkmenistan.com.tm\/index.php?rest_route=%2Fwp%2Fv2%2Fcategories&post=165278"},{"taxonomy":"post_tag","embeddable":true,"href":"https:\/\/zamanturkmenistan.com.tm\/index.php?rest_route=%2Fwp%2Fv2%2Ftags&post=165278"}],"curies":[{"name":"wp","href":"https:\/\/api.w.org\/{rel}","templated":true}]}}