{"id":165282,"date":"2026-04-27T15:41:13","date_gmt":"2026-04-27T10:41:13","guid":{"rendered":"https:\/\/zamanturkmenistan.com.tm\/?p=165282"},"modified":"2026-04-27T15:41:13","modified_gmt":"2026-04-27T10:41:13","slug":"turkmen-hytay-isewurler-forumy-we-sergisi-geciriler","status":"publish","type":"post","link":"https:\/\/zamanturkmenistan.com.tm\/?p=165282","title":{"rendered":"T\u00fcrkmen-hyta\u00fd i\u015few\u00fcrler forumy we sergisi ge\u00e7iriler"},"content":{"rendered":"<p>Gu\u00adra\u00fd\u00adjy to\u00adpar T\u00fcrk\u00adme\u00adnis\u00adta\u00adny\u0148 mi\u00adnistr\u00adlik\u00adle\u00adri\u00adni\u0148, pu\u00addak\u00adla\u00ad\u00fdyn do\u00adlan\u00addy\u00adry\u015f eda\u00adra\u00adla\u00adry\u00adny\u0148 h\u00fc\u00adn\u00e4r\u00admen\u00adle\u00adri\u00adni, Se\u00adna\u00adgat\u00ad\u00e7y\u00adlar we te\u00adle\u00adke\u00ad\u00e7i\u00adler bir\u00adle\u015f\u00adme\u00adsi\u00adni\u0148 ag\u00adza\u00adla\u00adry\u00adny, t\u00fcrk\u00admen i\u015fe\u00adw\u00fcr\u00adle\u00adri\u00adni, \u00fdur\u00addu\u00admy\u00adzy\u0148 ra\u00ad\u00fdat\u00adla\u00adry\u00adny, \u015fe\u00fd\u00adle hem da\u00ad\u015fa\u00adry \u00fdurt kom\u00adpa\u00adni\u00ad\u00fda\u00adla\u00adry\u00adny\u0148 we\u00adkil\u00adle\u00adri\u00adni ser\u00adg\u00e4 \u00e7a\u00adgyr\u00ad\u00fdar.<\/p>\n<p><strong>Ser\u00adgi\u00adni\u0148 i\u015f wag\u00adtlary:<\/strong><\/p>\n<p>28-nji ap\u00adrel\u00adde 10:00-dan 18:00-a \u00e7en\u00adli;<\/p>\n<p>29-njy ap\u00adrel\u00adde \u00a010:00-dan 18:00-a \u00e7en\u00adli;<\/p>\n<p>30-njy ap\u00adrel\u00adde 10:00-dan 16:30-a \u00e7en\u00adli.<\/p>\n<p>Ser\u00adgi T\u00fcrk\u00adme\u00adnis\u00adta\u00adny\u0148 S\u00f6w\u00adda-se\u00adna\u00adgat eda\u00adra\u00adsy\u00adny\u0148 bi\u00adna\u00adsyn\u00adda ge\u00ad\u00e7i\u00adril\u00ad\u00fd\u00e4r.<\/p>\n<p><strong>Sal\u00adgy\u00adsy:<\/strong> A\u015f\u00adga\u00adbat \u015f\u00e4\u00adhe\u00adri\u00adni\u0148 \u00c7an\u00addy\u00adbil \u015fa\u00ad\u00fdo\u00adlu\u00adny\u0148 143-nji ja\u00ad\u00fdy.<\/p>\n<p>Ha\u00adbar\u00adla\u015f\u00admak \u00fc\u00e7in te\u00adle\u00adfon bel\u00adgi\u00adle\u00adri: 39-88-81, 39-88-82, 39-88-83<\/p>\n","protected":false},"excerpt":{"rendered":"<p>Gu\u00adra\u00fd\u00adjy to\u00adpar T\u00fcrk\u00adme\u00adnis\u00adta\u00adny\u0148 mi\u00adnistr\u00adlik\u00adle\u00adri\u00adni\u0148, pu\u00addak\u00adla\u00ad\u00fdyn do\u00adlan\u00addy\u00adry\u015f eda\u00adra\u00adla\u00adry\u00adny\u0148 h\u00fc\u00adn\u00e4r\u00admen\u00adle\u00adri\u00adni, Se\u00adna\u00adgat\u00ad\u00e7y\u00adlar we te\u00adle\u00adke\u00ad\u00e7i\u00adler bir\u00adle\u015f\u00adme\u00adsi\u00adni\u0148 ag\u00adza\u00adla\u00adry\u00adny, t\u00fcrk\u00admen i\u015fe\u00adw\u00fcr\u00adle\u00adri\u00adni, \u00fdur\u00addu\u00admy\u00adzy\u0148 ra\u00ad\u00fdat\u00adla\u00adry\u00adny, \u015fe\u00fd\u00adle hem da\u00ad\u015fa\u00adry \u00fdurt kom\u00adpa\u00adni\u00ad\u00fda\u00adla\u00adry\u00adny\u0148 we\u00adkil\u00adle\u00adri\u00adni ser\u00adg\u00e4 \u00e7a\u00adgyr\u00ad\u00fdar. Ser\u00adgi\u00adni\u0148 i\u015f wag\u00adtlary: 28-nji ap\u00adrel\u00adde 10:00-dan 18:00-a \u00e7en\u00adli; 29-njy ap\u00adrel\u00adde \u00a010:00-dan 18:00-a \u00e7en\u00adli; 30-njy ap\u00adrel\u00adde 10:00-dan 16:30-a \u00e7en\u00adli. Ser\u00adgi T\u00fcrk\u00adme\u00adnis\u00adta\u00adny\u0148 S\u00f6w\u00adda-se\u00adna\u00adgat eda\u00adra\u00adsy\u00adny\u0148 bi\u00adna\u00adsyn\u00adda ge\u00ad\u00e7i\u00adril\u00ad\u00fd\u00e4r. Sal\u00adgy\u00adsy: A\u015f\u00adga\u00adbat \u015f\u00e4\u00adhe\u00adri\u00adni\u0148 \u00c7an\u00addy\u00adbil \u015fa\u00ad\u00fdo\u00adlu\u00adny\u0148 143-nji [&hellip;]<\/p>\n","protected":false},"author":2,"featured_media":154138,"comment_status":"open","ping_status":"closed","sticky":false,"template":"","format":"standard","meta":{"footnotes":""},"categories":[8273,3],"tags":[],"acf":[],"_links":{"self":[{"href":"https:\/\/zamanturkmenistan.com.tm\/index.php?rest_route=\/wp\/v2\/posts\/165282"}],"collection":[{"href":"https:\/\/zamanturkmenistan.com.tm\/index.php?rest_route=\/wp\/v2\/posts"}],"about":[{"href":"https:\/\/zamanturkmenistan.com.tm\/index.php?rest_route=\/wp\/v2\/types\/post"}],"author":[{"embeddable":true,"href":"https:\/\/zamanturkmenistan.com.tm\/index.php?rest_route=\/wp\/v2\/users\/2"}],"replies":[{"embeddable":true,"href":"https:\/\/zamanturkmenistan.com.tm\/index.php?rest_route=%2Fwp%2Fv2%2Fcomments&post=165282"}],"version-history":[{"count":1,"href":"https:\/\/zamanturkmenistan.com.tm\/index.php?rest_route=\/wp\/v2\/posts\/165282\/revisions"}],"predecessor-version":[{"id":165283,"href":"https:\/\/zamanturkmenistan.com.tm\/index.php?rest_route=\/wp\/v2\/posts\/165282\/revisions\/165283"}],"wp:featuredmedia":[{"embeddable":true,"href":"https:\/\/zamanturkmenistan.com.tm\/index.php?rest_route=\/wp\/v2\/media\/154138"}],"wp:attachment":[{"href":"https:\/\/zamanturkmenistan.com.tm\/index.php?rest_route=%2Fwp%2Fv2%2Fmedia&parent=165282"}],"wp:term":[{"taxonomy":"category","embeddable":true,"href":"https:\/\/zamanturkmenistan.com.tm\/index.php?rest_route=%2Fwp%2Fv2%2Fcategories&post=165282"},{"taxonomy":"post_tag","embeddable":true,"href":"https:\/\/zamanturkmenistan.com.tm\/index.php?rest_route=%2Fwp%2Fv2%2Ftags&post=165282"}],"curies":[{"name":"wp","href":"https:\/\/api.w.org\/{rel}","templated":true}]}}