{"id":165290,"date":"2026-04-27T15:47:44","date_gmt":"2026-04-27T10:47:44","guid":{"rendered":"https:\/\/zamanturkmenistan.com.tm\/?p=165290"},"modified":"2026-04-27T15:47:44","modified_gmt":"2026-04-27T10:47:44","slug":"emeli-anyn-ozbasdak-yasamaga-baslajakdygy-bellenilyar","status":"publish","type":"post","link":"https:\/\/zamanturkmenistan.com.tm\/?p=165290","title":{"rendered":"Emeli a\u0148y\u0148 \u00f6zba\u015fdak \u00fda\u015famaga ba\u015flajakdygy bellenil\u00fd\u00e4r"},"content":{"rendered":"<p>Emeli a\u0148 g\u00f6zeg\u00e7ilikden \u00e7ykyp, \u00f6zba\u015fdak hereket etm\u00e4ge ba\u015flar. O\u0148a ulanyjylar tarapyndan ynam g\u00fcnsa\u00fdyn art\u00fdar, adamlar \u015fe\u00fdle ulgamlara g\u00fcndelik maslahatlar bilen, mysal \u00fc\u00e7in, ag\u015fam \u015famyndan ba\u015flap, ha\u00fdsy filmlere toma\u015fa etmelidigi barada \u00fdygy-\u00fdygydan \u00fd\u00fcz tut\u00fdarlar.<br \/>\nBu barada Portugali\u00fdadan Fakt\u00e7eking bo\u00fdun\u00e7a halkara assosiasi\u00fdasyny\u0148 h\u00fcn\u00e4rmeni Aleksandr Gerre\u00fdro TASS habarlar gullugyna g\u00fcrr\u00fc\u0148 berdi.<br \/>\nH\u00fcn\u00e4rmen \u015fe\u00fdle \u00fdagda\u00fdy\u0148 tehnologi\u00fdalary\u0148 g\u00fcndelik \u00e7\u00f6zg\u00fctlere t\u00e4sirini g\u00fc\u00fd\u00e7lendir\u00fd\u00e4ndigini a\u00fdtdy. \u015eonu\u0148 \u00fc\u00e7in emeli a\u0148a \u00fdeterlik g\u00f6zeg\u00e7ilik edilmese, onu\u0148 hakykaty \u00fdo\u00fdmagy hem-de ulanyjylary aza\u015fdyrmagy m\u00fcmkin di\u00fdip, ol s\u00f6z\u00fcni\u0148 \u00fcst\u00fcni \u00fdetirdi.<\/p>\n","protected":false},"excerpt":{"rendered":"<p>Emeli a\u0148 g\u00f6zeg\u00e7ilikden \u00e7ykyp, \u00f6zba\u015fdak hereket etm\u00e4ge ba\u015flar. O\u0148a ulanyjylar tarapyndan ynam g\u00fcnsa\u00fdyn art\u00fdar, adamlar \u015fe\u00fdle ulgamlara g\u00fcndelik maslahatlar bilen, mysal \u00fc\u00e7in, ag\u015fam \u015famyndan ba\u015flap, ha\u00fdsy filmlere toma\u015fa etmelidigi barada \u00fdygy-\u00fdygydan \u00fd\u00fcz tut\u00fdarlar. Bu barada Portugali\u00fdadan Fakt\u00e7eking bo\u00fdun\u00e7a halkara assosiasi\u00fdasyny\u0148 h\u00fcn\u00e4rmeni Aleksandr Gerre\u00fdro TASS habarlar gullugyna g\u00fcrr\u00fc\u0148 berdi. H\u00fcn\u00e4rmen \u015fe\u00fdle \u00fdagda\u00fdy\u0148 tehnologi\u00fdalary\u0148 g\u00fcndelik \u00e7\u00f6zg\u00fctlere t\u00e4sirini [&hellip;]<\/p>\n","protected":false},"author":2,"featured_media":157830,"comment_status":"open","ping_status":"closed","sticky":false,"template":"","format":"standard","meta":{"footnotes":""},"categories":[8],"tags":[],"acf":[],"_links":{"self":[{"href":"https:\/\/zamanturkmenistan.com.tm\/index.php?rest_route=\/wp\/v2\/posts\/165290"}],"collection":[{"href":"https:\/\/zamanturkmenistan.com.tm\/index.php?rest_route=\/wp\/v2\/posts"}],"about":[{"href":"https:\/\/zamanturkmenistan.com.tm\/index.php?rest_route=\/wp\/v2\/types\/post"}],"author":[{"embeddable":true,"href":"https:\/\/zamanturkmenistan.com.tm\/index.php?rest_route=\/wp\/v2\/users\/2"}],"replies":[{"embeddable":true,"href":"https:\/\/zamanturkmenistan.com.tm\/index.php?rest_route=%2Fwp%2Fv2%2Fcomments&post=165290"}],"version-history":[{"count":1,"href":"https:\/\/zamanturkmenistan.com.tm\/index.php?rest_route=\/wp\/v2\/posts\/165290\/revisions"}],"predecessor-version":[{"id":165291,"href":"https:\/\/zamanturkmenistan.com.tm\/index.php?rest_route=\/wp\/v2\/posts\/165290\/revisions\/165291"}],"wp:featuredmedia":[{"embeddable":true,"href":"https:\/\/zamanturkmenistan.com.tm\/index.php?rest_route=\/wp\/v2\/media\/157830"}],"wp:attachment":[{"href":"https:\/\/zamanturkmenistan.com.tm\/index.php?rest_route=%2Fwp%2Fv2%2Fmedia&parent=165290"}],"wp:term":[{"taxonomy":"category","embeddable":true,"href":"https:\/\/zamanturkmenistan.com.tm\/index.php?rest_route=%2Fwp%2Fv2%2Fcategories&post=165290"},{"taxonomy":"post_tag","embeddable":true,"href":"https:\/\/zamanturkmenistan.com.tm\/index.php?rest_route=%2Fwp%2Fv2%2Ftags&post=165290"}],"curies":[{"name":"wp","href":"https:\/\/api.w.org\/{rel}","templated":true}]}}