{"id":165327,"date":"2026-04-27T17:09:37","date_gmt":"2026-04-27T12:09:37","guid":{"rendered":"https:\/\/zamanturkmenistan.com.tm\/?p=165327"},"modified":"2026-04-27T17:09:37","modified_gmt":"2026-04-27T12:09:37","slug":"yb-we-abs-strategik-hyzmatdaslygy-pugtalandyryarlar","status":"publish","type":"post","link":"https:\/\/zamanturkmenistan.com.tm\/?p=165327","title":{"rendered":"\u00ddB we AB\u015e strategik hyzmatda\u015flygy pugtalandyr\u00fdarlar"},"content":{"rendered":"<p>\u00ddewropa Bilele\u015figi bilen Amerikany\u0148 Birle\u015fen \u015etatlaryny\u0148 arasynda m\u00f6h\u00fcm \u00fderasty magdanlary\u0148 \u00fcpj\u00fcn\u00e7iligini utga\u015fdyrmak bo\u00fdun\u00e7a strategik hyzmatda\u015flyk baradaky \u00c4htnama gol \u00e7ekildi. 2026-njy \u00fdyly\u0148 24-nji aprelinde Wa\u015fingtonda bolup ge\u00e7en dabarada AB\u015e-ny\u0148 D\u00f6wlet sekretary Marko Rubio we \u00ddB-ni\u0148 s\u00f6wda bo\u00fdun\u00e7a komissary Maro\u015f \u015eef\u00e7owi\u00e7 tarapyndan tassyklanan bu resminama, ykdysady\u00fdeti\u0148 we milli howpsuzlygy\u0148 esasy pudaklary, \u015fol sanda gorany\u015f senagaty \u00fc\u00e7in zerur bolan \u00e7ig mal seri\u015fdelerini\u0148 durnukly \u00fcpj\u00fcn\u00e7ilik zynjyryny d\u00f6retm\u00e4ge g\u00f6n\u00fckdirilendir. Taraplar bu ylala\u015fygy\u0148 strategik b\u00e4hbitleri goramakda we go\u00fdlan maksatlara has gysga wagtda \u00fdetmekde m\u00f6h\u00fcm \u00e4dimdigini nygtadylar.<br \/>\nT\u00e4ze ylala\u015fygy\u0148 \u00e7\u00e4klerinde taraplar strategik \u00e4hmi\u00fdetli minerallary\u0148 \u00f6n\u00fcm\u00e7iligi we s\u00f6wdasy bo\u00fdun\u00e7a halkara standartlaryny k\u00e4mille\u015fdirmegi, ma\u00fda go\u00fdumlaryny we ylmy-barlag i\u015flerini utga\u015fykly alyp barmagy me\u00fdille\u015fdir\u00fd\u00e4rler. AB\u015e-ny\u0148 D\u00f6wlet sekretary M.Rubio \u00fcpj\u00fcn\u00e7ilik ulgamyny\u0148 diwersifikasi\u00fdala\u015fdyrylmagyny\u0148 ykdysady durnuklylyk \u00fc\u00e7in zerurdygyny belledi. \u015ee\u00fdle hem, geple\u015fikleri\u0148 dowamynda d\u00fcn\u00fd\u00e4 bazaryndaky artykma\u00e7 \u00f6n\u00fcm\u00e7ilige gar\u015fy durmak we bilelikde &#8220;polat halkasyny&#8221; d\u00f6retmek arkaly i\u00e7erki \u00f6nd\u00fcrijileri goramagy\u0148 meselelerine seredildi. \u00ddB-ni\u0148 wekili M.\u015eef\u00e7owi\u00e7 AB\u015e-ny\u0148 S\u00f6wda ministri Howard Lutnik bilen ge\u00e7irilen geple\u015fikleri\u0148 netijeli bolandygyny we polat hem-de al\u00fdumin s\u00f6wdasyndaky nyrh meselelerini kadala\u015fdyrmak ugrunda o\u0148yn \u00e4dimleri\u0148 \u00e4dil\u00fd\u00e4ndigini m\u00e4lim etdi.<\/p>\n","protected":false},"excerpt":{"rendered":"<p>\u00ddewropa Bilele\u015figi bilen Amerikany\u0148 Birle\u015fen \u015etatlaryny\u0148 arasynda m\u00f6h\u00fcm \u00fderasty magdanlary\u0148 \u00fcpj\u00fcn\u00e7iligini utga\u015fdyrmak bo\u00fdun\u00e7a strategik hyzmatda\u015flyk baradaky \u00c4htnama gol \u00e7ekildi. 2026-njy \u00fdyly\u0148 24-nji aprelinde Wa\u015fingtonda bolup ge\u00e7en dabarada AB\u015e-ny\u0148 D\u00f6wlet sekretary Marko Rubio we \u00ddB-ni\u0148 s\u00f6wda bo\u00fdun\u00e7a komissary Maro\u015f \u015eef\u00e7owi\u00e7 tarapyndan tassyklanan bu resminama, ykdysady\u00fdeti\u0148 we milli howpsuzlygy\u0148 esasy pudaklary, \u015fol sanda gorany\u015f senagaty \u00fc\u00e7in zerur [&hellip;]<\/p>\n","protected":false},"author":2,"featured_media":165328,"comment_status":"open","ping_status":"closed","sticky":false,"template":"","format":"standard","meta":{"footnotes":""},"categories":[5],"tags":[],"acf":[],"_links":{"self":[{"href":"https:\/\/zamanturkmenistan.com.tm\/index.php?rest_route=\/wp\/v2\/posts\/165327"}],"collection":[{"href":"https:\/\/zamanturkmenistan.com.tm\/index.php?rest_route=\/wp\/v2\/posts"}],"about":[{"href":"https:\/\/zamanturkmenistan.com.tm\/index.php?rest_route=\/wp\/v2\/types\/post"}],"author":[{"embeddable":true,"href":"https:\/\/zamanturkmenistan.com.tm\/index.php?rest_route=\/wp\/v2\/users\/2"}],"replies":[{"embeddable":true,"href":"https:\/\/zamanturkmenistan.com.tm\/index.php?rest_route=%2Fwp%2Fv2%2Fcomments&post=165327"}],"version-history":[{"count":1,"href":"https:\/\/zamanturkmenistan.com.tm\/index.php?rest_route=\/wp\/v2\/posts\/165327\/revisions"}],"predecessor-version":[{"id":165329,"href":"https:\/\/zamanturkmenistan.com.tm\/index.php?rest_route=\/wp\/v2\/posts\/165327\/revisions\/165329"}],"wp:featuredmedia":[{"embeddable":true,"href":"https:\/\/zamanturkmenistan.com.tm\/index.php?rest_route=\/wp\/v2\/media\/165328"}],"wp:attachment":[{"href":"https:\/\/zamanturkmenistan.com.tm\/index.php?rest_route=%2Fwp%2Fv2%2Fmedia&parent=165327"}],"wp:term":[{"taxonomy":"category","embeddable":true,"href":"https:\/\/zamanturkmenistan.com.tm\/index.php?rest_route=%2Fwp%2Fv2%2Fcategories&post=165327"},{"taxonomy":"post_tag","embeddable":true,"href":"https:\/\/zamanturkmenistan.com.tm\/index.php?rest_route=%2Fwp%2Fv2%2Ftags&post=165327"}],"curies":[{"name":"wp","href":"https:\/\/api.w.org\/{rel}","templated":true}]}}