{"id":165330,"date":"2026-04-27T17:12:55","date_gmt":"2026-04-27T12:12:55","guid":{"rendered":"https:\/\/zamanturkmenistan.com.tm\/?p=165330"},"modified":"2026-04-27T17:12:55","modified_gmt":"2026-04-27T12:12:55","slug":"ispaniyada-migrantlar-kanunlasdyrylyar","status":"publish","type":"post","link":"https:\/\/zamanturkmenistan.com.tm\/?p=165330","title":{"rendered":"Ispani\u00fdada migrantlar kanunla\u015fdyryl\u00fdar"},"content":{"rendered":"<p>Ispani\u00fdany\u0148 Prem\u00fder ministri Pedro San\u00e7es tarapyndan \u00fdolba\u015f\u00e7ylyk edil\u00fd\u00e4n h\u00f6k\u00fcmet \u00fdurtda bikanun \u00fda\u015fa\u00fdan migrantlary\u0148 statusyny kanunyla\u015fdyrmak bo\u00fdun\u00e7a adatdan da\u015fary maksatnamany amala a\u015fyryp ba\u015flady. Maksatnamany\u0148 ilkinji hepdesini\u0148 dowamynda, 130 m\u00fc\u0148den gowrak adam resmi ta\u00fddan hasaba durmak \u00fc\u00e7in arza tab\u015fyrdy. H\u00f6k\u00fcmet bu ba\u015flangyjy \u201ck\u00f6legeli\u201d ykdysady\u00fdete gar\u015fy g\u00f6re\u015fmek we migrantlary jemgy\u00fdete u\u00fdgunla\u015fdyrmak \u00fc\u00e7in m\u00f6h\u00fcm \u00e4dim hasapla\u00fdar. T\u00e4ze d\u00fczg\u00fcne g\u00f6r\u00e4, 2026-njy \u00fdyla \u00e7enli Ispani\u00fdada hemi\u015felik \u00fda\u015fandygyny subut edip bil\u00fd\u00e4n we kazy\u00fdet jogapk\u00e4r\u00e7iligine \u00e7ekilmedik \u015fahslar resmile\u015fdirilm\u00e4ge hukuk gazan\u00fdarlar.<br \/>\nUmumy hasaplamalara g\u00f6r\u00e4, bu ba\u015flangy\u00e7 \u00fdurtda resminamasyz gezip \u00fd\u00f6ren 500 m\u00fc\u0148e gola\u00fd adamy \u00f6z i\u00e7ine alyp biler. Arza bermek i\u015fleri \u015fu \u00fdyly\u0148 i\u00fdun a\u00fdyny\u0148 ahyryna \u00e7enli dowam eder we o\u0148a onla\u00fdn \u00fda-da \u015fahsy tertipde gatna\u015fyp bolar. Emma i\u015fi\u0148 ilkinji g\u00fcnlerinde administratiw kyn\u00e7ylyklar, nobatlary\u0148 d\u00f6remegi we hasaba aly\u015f ulgamyndaky b\u00f6kden\u00e7likler \u00fd\u00fcze \u00e7ykdy. \u015ee\u00fdle hem \u00fderli h\u00e4kimi\u00fdetler tarapyndan bu \u00e7\u00e4r\u00e4ni\u0148 saglygy gora\u00fdy\u015f we durmu\u015f hyzmatlaryna go\u015fma\u00e7a agram saljakdygy barada aladalar bildiril\u00fd\u00e4r. Mu\u0148a garamazdan, resmi Madrid bu \u00e7\u00e4r\u00e4ni\u0148 m\u00fc\u0148ler\u00e7e i\u015f\u00e7ini\u0148 z\u00e4hmet hukuklaryny goramaga we olary\u0148 d\u00f6wlet gaznasyna \u00e4ti\u00fda\u00e7landyry\u015f t\u00f6leglerini t\u00f6lemegine m\u00fcmkin\u00e7ilik berjekdigini nygta\u00fdar.<\/p>\n","protected":false},"excerpt":{"rendered":"<p>Ispani\u00fdany\u0148 Prem\u00fder ministri Pedro San\u00e7es tarapyndan \u00fdolba\u015f\u00e7ylyk edil\u00fd\u00e4n h\u00f6k\u00fcmet \u00fdurtda bikanun \u00fda\u015fa\u00fdan migrantlary\u0148 statusyny kanunyla\u015fdyrmak bo\u00fdun\u00e7a adatdan da\u015fary maksatnamany amala a\u015fyryp ba\u015flady. Maksatnamany\u0148 ilkinji hepdesini\u0148 dowamynda, 130 m\u00fc\u0148den gowrak adam resmi ta\u00fddan hasaba durmak \u00fc\u00e7in arza tab\u015fyrdy. H\u00f6k\u00fcmet bu ba\u015flangyjy \u201ck\u00f6legeli\u201d ykdysady\u00fdete gar\u015fy g\u00f6re\u015fmek we migrantlary jemgy\u00fdete u\u00fdgunla\u015fdyrmak \u00fc\u00e7in m\u00f6h\u00fcm \u00e4dim hasapla\u00fdar. T\u00e4ze d\u00fczg\u00fcne g\u00f6r\u00e4, [&hellip;]<\/p>\n","protected":false},"author":2,"featured_media":145126,"comment_status":"open","ping_status":"closed","sticky":false,"template":"","format":"standard","meta":{"footnotes":""},"categories":[5],"tags":[],"acf":[],"_links":{"self":[{"href":"https:\/\/zamanturkmenistan.com.tm\/index.php?rest_route=\/wp\/v2\/posts\/165330"}],"collection":[{"href":"https:\/\/zamanturkmenistan.com.tm\/index.php?rest_route=\/wp\/v2\/posts"}],"about":[{"href":"https:\/\/zamanturkmenistan.com.tm\/index.php?rest_route=\/wp\/v2\/types\/post"}],"author":[{"embeddable":true,"href":"https:\/\/zamanturkmenistan.com.tm\/index.php?rest_route=\/wp\/v2\/users\/2"}],"replies":[{"embeddable":true,"href":"https:\/\/zamanturkmenistan.com.tm\/index.php?rest_route=%2Fwp%2Fv2%2Fcomments&post=165330"}],"version-history":[{"count":1,"href":"https:\/\/zamanturkmenistan.com.tm\/index.php?rest_route=\/wp\/v2\/posts\/165330\/revisions"}],"predecessor-version":[{"id":165331,"href":"https:\/\/zamanturkmenistan.com.tm\/index.php?rest_route=\/wp\/v2\/posts\/165330\/revisions\/165331"}],"wp:featuredmedia":[{"embeddable":true,"href":"https:\/\/zamanturkmenistan.com.tm\/index.php?rest_route=\/wp\/v2\/media\/145126"}],"wp:attachment":[{"href":"https:\/\/zamanturkmenistan.com.tm\/index.php?rest_route=%2Fwp%2Fv2%2Fmedia&parent=165330"}],"wp:term":[{"taxonomy":"category","embeddable":true,"href":"https:\/\/zamanturkmenistan.com.tm\/index.php?rest_route=%2Fwp%2Fv2%2Fcategories&post=165330"},{"taxonomy":"post_tag","embeddable":true,"href":"https:\/\/zamanturkmenistan.com.tm\/index.php?rest_route=%2Fwp%2Fv2%2Ftags&post=165330"}],"curies":[{"name":"wp","href":"https:\/\/api.w.org\/{rel}","templated":true}]}}