{"id":16574,"date":"2018-07-28T11:49:40","date_gmt":"2018-07-28T06:49:40","guid":{"rendered":"http:\/\/zamanturkmenistan.com\/?p=16574"},"modified":"2018-07-28T11:50:53","modified_gmt":"2018-07-28T06:50:53","slug":"yew%c2%adro%c2%adpa%c2%adnyn-on%c2%adde%c2%adba%c2%adry%c2%adjy-cem%c2%adpio%c2%adnat%c2%adla%c2%adry","status":"publish","type":"post","link":"https:\/\/zamanturkmenistan.com.tm\/?p=16574","title":{"rendered":"\u00ddew\u00adro\u00adpa\u00adny\u0148 \u00f6\u0148\u00adde\u00adba\u00adry\u00adjy \u00e7em\u00adpio\u00adnat\u00adla\u00adry"},"content":{"rendered":"<p>\u00ddew\u00adro\u00adpa\u00adny\u0148 \u00f6\u0148\u00adde\u00adba\u00adry\u00adjy \u00e7em\u00adpio\u00adnat\u00adla\u00adryn\u00addan Ang\u00adli\u00ad\u00fda\u00adny\u0148 \u201cPre\u00admi\u00ader li\u00adga\u00adsy\u00adny\u0148\u201d t\u00e4\u00adze m\u00f6w\u00ads\u00fc\u00admi 10-njy aw\u00adgust\u00adda ba\u015f\u00adla\u00adnar. 1-nji tap\u00adgy\u00adry\u0148 i\u0148 esa\u00adsy du\u00ad\u015fu\u00ad\u015fy\u00adgy \u201cAr\u00adse\u00adnal\u201d bi\u00adlen \u201cMan\u00ad\u00e7es\u00adter Si\u00adti\u00adni\u0148\u201d ara\u00adsyn\u00adda bo\u00adlar (11-nji aw\u00adgust). Ang\u00adli\u00ad\u00fda\u00adny\u0148 \u00e7em\u00adpio\u00adna\u00adty \u00fda\u00adly Fran\u00adsi\u00ad\u00fda\u00adny\u0148 \u201cLi\u00adgue 1-i\u201d hem 10-njy aw\u00adgust\u00adda ba\u00addal\u00adga alyp, so\u0148\u00adky \u00e7em\u00adpi\u00adon PS\u017d il\u00adkin\u00adji tap\u00adgyr\u00adda \u201cKan\u201d to\u00adpa\u00adry\u00adny ka\u00adbul eder. Is\u00adpa\u00adni\u00ad\u00fda\u00adny\u0148 \u201cLa Li\u00adga\u00adsy\u201d, Ita\u00adli\u00ad\u00fda\u00adny\u0148 \u201cA-Se\u00adri\u00ad\u00fda\u00adsy\u201d, Ger\u00adma\u00adni\u00ad\u00fda\u00adny\u0148 \u201cBun\u00addes\u00adli\u00adga\u00adsy\u201d t\u00e4\u00adze m\u00f6w\u00ads\u00fc\u00adme 24-nji aw\u00adgust\u00adda gi\u00adri\u00ad\u015fer. Hem\u00adm\u00e4\u00adni\u0148 \u00fcns mer\u00adke\u00adzin\u00add\u00e4\u00adki i\u0148 esa\u00adsy du\u00ad\u015fu\u00ad\u015fyk \u2014 \u201cEl Kla\u00adsi\u00adko\u00adny\u0148\u201d 1-nji o\u00fd\u00adny 10-njy tap\u00adgyr\u00adda Bar\u00adse\u00adlo\u00adna\u00adda (27\u201328-nji okt\u00ad\u00fdabr), 2-nji o\u00fd\u00adny bol\u00adsa, 26-njy tap\u00adgyr\u00adda, mart a\u00fdyn\u00adda Mad\u00adrid\u00adde ge\u00ad\u00e7i\u00adri\u00adler.<\/p>\n<p>Go\u00adla\u00fd\u00adda ta\u00adry\u00adhy sport \u00e7\u00e4\u00adresi\u00adni ba\u00ad\u015far\u00adnyk\u00adly tamamlan Rus\u00adsi\u00ad\u00fda\u00adda \u00e7em\u00adpio\u00adna\u00adty\u0148 t\u00e4\u00adze m\u00f6w\u00ads\u00fc\u00admi\u00adne \u015fu g\u00fcn ba\u00addal\u00adga ber\u00adler. \u00c7em\u00adpi\u00adon \u201cLo\u00adko\u00admo\u00adtiw\u201d m\u00f6w\u00ads\u00fc\u00adme \u201cUfa\u201d du\u00ad\u015fu\u00ad\u015fy\u00adgy bi\u00adlen ba\u015f\u00adla\u00adsa, \u201cRu\u00adbin\u201d \u00f6z me\u00fd\u00addan\u00ad\u00e7a\u00adsyn\u00adda \u201cKras\u00adno\u00adda\u00adry\u201d ka\u00adbul eder. \u201cPrem\u00ad\u00fder li\u00adga\u00adny\u0148\u201d 2-nji tap\u00adgy\u00adryn\u00adda fut\u00adbol jan\u00adk\u00f6\u00ad\u00fder\u00adle\u00adri\u00adne uly du\u00ad\u015fu\u00ad\u015fyk ga\u00adra\u015f\u00ad\u00fdar. 4-nji aw\u00adgust\u00adda Mosk\u00adwa der\u00adbi\u00adsin\u00adde \u201cLo\u00adko\u00admo\u00adtiw\u201d bi\u00adlen \u201cSpar\u00adtak\u201d \u00f6za\u00adra g\u00fc\u00fd\u00e7 sy\u00adna\u00adny\u00ad\u015far.<\/p>\n","protected":false},"excerpt":{"rendered":"<p>\u00ddew\u00adro\u00adpa\u00adny\u0148 \u00f6\u0148\u00adde\u00adba\u00adry\u00adjy \u00e7em\u00adpio\u00adnat\u00adla\u00adryn\u00addan Ang\u00adli\u00ad\u00fda\u00adny\u0148 \u201cPre\u00admi\u00ader li\u00adga\u00adsy\u00adny\u0148\u201d t\u00e4\u00adze m\u00f6w\u00ads\u00fc\u00admi 10-njy aw\u00adgust\u00adda ba\u015f\u00adla\u00adnar. 1-nji tap\u00adgy\u00adry\u0148 i\u0148 esa\u00adsy du\u00ad\u015fu\u00ad\u015fy\u00adgy \u201cAr\u00adse\u00adnal\u201d bi\u00adlen \u201cMan\u00ad\u00e7es\u00adter Si\u00adti\u00adni\u0148\u201d ara\u00adsyn\u00adda bo\u00adlar (11-nji aw\u00adgust). Ang\u00adli\u00ad\u00fda\u00adny\u0148 \u00e7em\u00adpio\u00adna\u00adty \u00fda\u00adly Fran\u00adsi\u00ad\u00fda\u00adny\u0148 \u201cLi\u00adgue 1-i\u201d hem 10-njy aw\u00adgust\u00adda ba\u00addal\u00adga alyp, so\u0148\u00adky \u00e7em\u00adpi\u00adon PS\u017d il\u00adkin\u00adji tap\u00adgyr\u00adda \u201cKan\u201d to\u00adpa\u00adry\u00adny ka\u00adbul eder. Is\u00adpa\u00adni\u00ad\u00fda\u00adny\u0148 \u201cLa Li\u00adga\u00adsy\u201d, Ita\u00adli\u00ad\u00fda\u00adny\u0148 \u201cA-Se\u00adri\u00ad\u00fda\u00adsy\u201d, Ger\u00adma\u00adni\u00ad\u00fda\u00adny\u0148 \u201cBun\u00addes\u00adli\u00adga\u00adsy\u201d t\u00e4\u00adze m\u00f6w\u00ads\u00fc\u00adme 24-nji aw\u00adgust\u00adda [&hellip;]<\/p>\n","protected":false},"author":1,"featured_media":16575,"comment_status":"open","ping_status":"closed","sticky":false,"template":"","format":"standard","meta":{"footnotes":""},"categories":[13],"tags":[],"acf":[],"_links":{"self":[{"href":"https:\/\/zamanturkmenistan.com.tm\/index.php?rest_route=\/wp\/v2\/posts\/16574"}],"collection":[{"href":"https:\/\/zamanturkmenistan.com.tm\/index.php?rest_route=\/wp\/v2\/posts"}],"about":[{"href":"https:\/\/zamanturkmenistan.com.tm\/index.php?rest_route=\/wp\/v2\/types\/post"}],"author":[{"embeddable":true,"href":"https:\/\/zamanturkmenistan.com.tm\/index.php?rest_route=\/wp\/v2\/users\/1"}],"replies":[{"embeddable":true,"href":"https:\/\/zamanturkmenistan.com.tm\/index.php?rest_route=%2Fwp%2Fv2%2Fcomments&post=16574"}],"version-history":[{"count":0,"href":"https:\/\/zamanturkmenistan.com.tm\/index.php?rest_route=\/wp\/v2\/posts\/16574\/revisions"}],"wp:featuredmedia":[{"embeddable":true,"href":"https:\/\/zamanturkmenistan.com.tm\/index.php?rest_route=\/wp\/v2\/media\/16575"}],"wp:attachment":[{"href":"https:\/\/zamanturkmenistan.com.tm\/index.php?rest_route=%2Fwp%2Fv2%2Fmedia&parent=16574"}],"wp:term":[{"taxonomy":"category","embeddable":true,"href":"https:\/\/zamanturkmenistan.com.tm\/index.php?rest_route=%2Fwp%2Fv2%2Fcategories&post=16574"},{"taxonomy":"post_tag","embeddable":true,"href":"https:\/\/zamanturkmenistan.com.tm\/index.php?rest_route=%2Fwp%2Fv2%2Ftags&post=16574"}],"curies":[{"name":"wp","href":"https:\/\/api.w.org\/{rel}","templated":true}]}}