{"id":16759,"date":"2018-08-04T15:32:32","date_gmt":"2018-08-04T10:32:32","guid":{"rendered":"http:\/\/zamanturkmenistan.com\/?p=16759"},"modified":"2018-08-04T15:32:32","modified_gmt":"2018-08-04T10:32:32","slug":"psz-bir-adim-onde","status":"publish","type":"post","link":"https:\/\/zamanturkmenistan.com.tm\/?p=16759","title":{"rendered":"PS\u017d bir \u00e4dim \u00f6\u0148de"},"content":{"rendered":"<p>\u00ddew\u00adro\u00adpa\u00adny\u0148 \u00f6\u0148\u00adde\u00adba\u00adry\u00adjy \u00e7em\u00adpio\u00adnat\u00adla\u00adry\u00adny\u0148 5-nji\u00adsi ha\u00adsap\u00adlan\u00ad\u00fdan Fran\u00adsi\u00ad\u00fda\u00adny\u0148 \u00e7em\u00adpio\u00adna\u00adty \u201cLi\u00adgue 1-i\u0148\u201d t\u00e4\u00adze m\u00f6w\u00ads\u00fc\u00admi, 81-nji m\u00f6w\u00ads\u00fc\u00admi-de 10-njy aw\u00adgust\u00adda ba\u015f\u00adla\u00adnar. \u00c7em\u00adpio\u00adnat\u00adda\u00adky 20 klu\u00adbu\u0148 14 sa\u00adny\u00adsy\u00adna, ba\u015f\u00adga\u00ad\u00e7a a\u00fd\u00addy\u00adlan\u00adda, 70 g\u00f6\u00adte\u00adri\u00admi\u00adne \u00fder\u00adli h\u00fc\u00adn\u00e4r\u00admen\u00adler t\u00e4\u00adlim ber\u00ad\u00fd\u00e4r. Ga\u00adlan 6 t\u00e4\u00adlim\u00ad\u00e7i\u00adni\u0148 2-si\u00adni\u0148-de fran\u00adsuz ra\u00ad\u00fdat\u00adda\u015f\u00adly\u00adgy bar.<br \/>\n\u00c7em\u00adpi\u00adon\u00adly\u00adgy\u0148 i\u0148 esa\u00adsy we bel\u00adki-de \u00fde\u00adke-t\u00e4k da\u00adla\u015f\u00adg\u00e4\u00adri, \u015f\u00fcb\u00adhe\u00adsiz, Pa\u00adri\u00ad\u017ei\u0148 PS\u017d to\u00adpa\u00adry\u00addyr. Una\u00fd Eme\u00adri\u00adni ug\u00adra\u00addyp, \u00fde\u00adri\u00adne ger\u00adma\u00adni\u00ad\u00fda\u00adly To\u00admas Tu\u00adhe\u00adli t\u00e4\u00adlim\u00ad\u00e7i\u00adli\u00adge bel\u00adl\u00e4n pa\u00adri\u017e\u00adli\u00adler trans\u00adfer m\u00f6w\u00ads\u00fc\u00admin\u00adde di\u00ad\u0148e we\u00adte\u00adran Jan\u00adlui\u00adji Buf\u00adfo\u00adny ha\u00adta\u00adry\u00adna go\u015f\u00addy. Mot\u00adta, Pas\u00adto\u00adre, Ben Ar\u00adfa, Ber\u00ad\u00e7i\u00ad\u00e7e \u00fda\u00adly o\u00fdun\u00ad\u00e7y\u00adlar bi\u00adle\u00adnem \u00fdo\u00adlu\u00adny a\u00fd\u00adran klu\u00adbu\u0148 i\u0148 esa\u00adsy mak\u00adsa\u00addy k\u00f6p \u00fdyl\u00addan b\u00e4\u00adri ar\u00adzuw\u00adlap \u00fd\u00f6\u00adren UEFA \u00c7em\u00adpi\u00adon\u00adlar li\u00adga\u00adsy\u00adny\u0148 ku\u00adbo\u00adgy\u00adny as\u00adma\u00adna g\u00f6\u00adter\u00admek. El\u00adbet\u00adde, \u00fdurt\u00adda\u00adky \u00e7em\u00adpio\u00adnat\u00addyr ku\u00adbok \u00fda\u00adry\u015f\u00adla\u00adry\u00adny\u0148-da i\u0148 esa\u00adsy fa\u00adwo\u00adri\u00adti bo\u00adlan PS\u017d to\u00adpa\u00adry Ne\u00fd\u00admar, Mbap\u00adpe, Ka\u00adwa\u00adni, Tia\u00adgo Sil\u00adwa, Wer\u00adrat\u00adti, Di Ma\u00adri\u00ad\u00fda, Draks\u00adler, Da\u00adni Al\u00adwes bi\u00adlen bir ha\u00adtar\u00adda, \u00fda\u015f o\u00fdun\u00ad\u00e7y\u00adla\u00adry\u00adna uly ynam bil\u00addir\u00ad\u00fd\u00e4r. To\u00adpa\u00adry\u0148 to\u00admus\u00adda ge\u00ad\u00e7i\u00adren 5 \u00fdol\u00adda\u015f\u00adlyk du\u00ad\u015fu\u00ad\u015fy\u00adgy\u00adny\u0148 2-sin\u00adde \u00fde\u00ad\u0148i\u015f ga\u00adza\u00adnyp, ga\u00adlan 3-sin\u00adde utu\u00adlan\u00addy\u00adgy\u00adny hem bel\u00adle\u00admek ge\u00adrek.<br \/>\n<img decoding=\"async\" loading=\"lazy\" class=\"alignleft size-medium wp-image-16761\" src=\"http:\/\/zamanturkmenistan.com\/wp-content\/uploads\/2018\/08\/BenficavLyonInternationalChampionsCup6ZFf_n0PBe_x-200x300.jpg\" alt=\"\" width=\"200\" height=\"300\" srcset=\"https:\/\/zamanturkmenistan.com.tm\/wp-content\/uploads\/2018\/08\/BenficavLyonInternationalChampionsCup6ZFf_n0PBe_x-200x300.jpg 200w, https:\/\/zamanturkmenistan.com.tm\/wp-content\/uploads\/2018\/08\/BenficavLyonInternationalChampionsCup6ZFf_n0PBe_x-280x420.jpg 280w, https:\/\/zamanturkmenistan.com.tm\/wp-content\/uploads\/2018\/08\/BenficavLyonInternationalChampionsCup6ZFf_n0PBe_x.jpg 500w\" sizes=\"(max-width: 200px) 100vw, 200px\" \/>Tej\u00adri\u00adbe\u00adli, us\u00adsat t\u00e4\u00adlim\u00ad\u00e7i Ru\u00addi Gar\u00adsi\u00ad\u00fda\u00adny\u0148 \u00fdol\u00adba\u015f\u00ad\u00e7y\u00adly\u00adgyn\u00adda\u00adky \u201cMar\u00adsel\u201d, ge\u00ad\u00e7en m\u00f6w\u00ads\u00fc\u00admi 2-nji ha\u00adtar\u00adda ta\u00admam\u00adlan, trans\u00adfer m\u00f6w\u00ads\u00fc\u00admin\u00adde-de bir\u00adn\u00e4\u00ad\u00e7e o\u00fdun\u00ad\u00e7y\u00adsy\u00adny elin\u00adden gi\u00adde\u00adren \u201cMo\u00adna\u00adko\u201d, Fe\u00adkir, De\u00adpa\u00fd \u00fda\u00adly o\u00fdun\u00ad\u00e7y\u00adla\u00adry\u0148 \u00e7y\u00adky\u015f ed\u00ad\u00fd\u00e4n \u201cLi\u00adon\u201d to\u00adpa\u00adrlary \u00e7em\u00adpi\u00adon\u00adly\u00adgy\u0148 be\u00fd\u00adle\u00adki da\u00adla\u015f\u00adg\u00e4r\u00adle\u00adri di\u00ad\u00fdlip g\u00f6r\u00adke\u00adzil\u00ad\u00fd\u00e4r. T\u00e4\u00adze\u00adlik\u00adde bel\u00adle\u00adnen Pat\u00adrik Wiei\u00adra\u00adny\u0148 t\u00e4\u00adlim\u00ad\u00e7i\u00adli\u00adgin\u00add\u00e4\u00adki \u201cNis\u00adsa\u201d to\u00adpa\u00adry\u00adny\u0148-da n\u00e4\u00adhi\u00adli ba\u00ad\u015far\u00adnyk g\u00f6r\u00adkez\u00adjek\u00addi\u00adgi\u00adne jan\u00adk\u00f6\u00ad\u00fder\u00adler \u015fu wagt\u00addan uly gy\u00adzyk\u00adlan\u00adma bil\u00addir\u00ad\u00fd\u00e4r.<br \/>\n\u201cLi\u00adgue 1-i\u0148\u201d t\u00e4\u00adze to\u00adpar\u00adla\u00adry ba\u00adra\u00adda-da bel\u00adle\u00adsek, olar a\u015fa\u00adky li\u00adga gi\u00adden \u201cTro\u00ad\u00fda\u201d bi\u00adlen \u201cMet\u00adsi\u0148\u201d de\u00adre\u00adgi\u00adne gelen \u201cStad de Re\u00fdms\u201d bi\u00adlen \u201cNim\u201d to\u00adpar\u00adla\u00adry\u00addyr. \u201cRe\u00fdms\u201d 2 m\u00f6w\u00ads\u00fcm\u00adlik ara\u00adkes\u00adme\u00adden so\u0148, \u201cLi\u00adgue 1-e\u201d do\u00adla\u00adnan bol\u00adsa, \u201cNim\u201d 25 \u00fdyl\u00addan so\u0148, \u00fdo\u00adka\u00adry li\u00adga\u00adny\u0148 we\u00adki\u00adli bol\u00adma\u00adgy ba\u00ad\u015far\u00addy.<\/p>\n","protected":false},"excerpt":{"rendered":"<p>\u00ddew\u00adro\u00adpa\u00adny\u0148 \u00f6\u0148\u00adde\u00adba\u00adry\u00adjy \u00e7em\u00adpio\u00adnat\u00adla\u00adry\u00adny\u0148 5-nji\u00adsi ha\u00adsap\u00adlan\u00ad\u00fdan Fran\u00adsi\u00ad\u00fda\u00adny\u0148 \u00e7em\u00adpio\u00adna\u00adty \u201cLi\u00adgue 1-i\u0148\u201d t\u00e4\u00adze m\u00f6w\u00ads\u00fc\u00admi, 81-nji m\u00f6w\u00ads\u00fc\u00admi-de 10-njy aw\u00adgust\u00adda ba\u015f\u00adla\u00adnar. \u00c7em\u00adpio\u00adnat\u00adda\u00adky 20 klu\u00adbu\u0148 14 sa\u00adny\u00adsy\u00adna, ba\u015f\u00adga\u00ad\u00e7a a\u00fd\u00addy\u00adlan\u00adda, 70 g\u00f6\u00adte\u00adri\u00admi\u00adne \u00fder\u00adli h\u00fc\u00adn\u00e4r\u00admen\u00adler t\u00e4\u00adlim ber\u00ad\u00fd\u00e4r. Ga\u00adlan 6 t\u00e4\u00adlim\u00ad\u00e7i\u00adni\u0148 2-si\u00adni\u0148-de fran\u00adsuz ra\u00ad\u00fdat\u00adda\u015f\u00adly\u00adgy bar. \u00c7em\u00adpi\u00adon\u00adly\u00adgy\u0148 i\u0148 esa\u00adsy we bel\u00adki-de \u00fde\u00adke-t\u00e4k da\u00adla\u015f\u00adg\u00e4\u00adri, \u015f\u00fcb\u00adhe\u00adsiz, Pa\u00adri\u00ad\u017ei\u0148 PS\u017d to\u00adpa\u00adry\u00addyr. Una\u00fd Eme\u00adri\u00adni ug\u00adra\u00addyp, \u00fde\u00adri\u00adne ger\u00adma\u00adni\u00ad\u00fda\u00adly To\u00admas Tu\u00adhe\u00adli t\u00e4\u00adlim\u00ad\u00e7i\u00adli\u00adge [&hellip;]<\/p>\n","protected":false},"author":1,"featured_media":16760,"comment_status":"open","ping_status":"closed","sticky":false,"template":"","format":"standard","meta":{"footnotes":""},"categories":[13],"tags":[],"acf":[],"_links":{"self":[{"href":"https:\/\/zamanturkmenistan.com.tm\/index.php?rest_route=\/wp\/v2\/posts\/16759"}],"collection":[{"href":"https:\/\/zamanturkmenistan.com.tm\/index.php?rest_route=\/wp\/v2\/posts"}],"about":[{"href":"https:\/\/zamanturkmenistan.com.tm\/index.php?rest_route=\/wp\/v2\/types\/post"}],"author":[{"embeddable":true,"href":"https:\/\/zamanturkmenistan.com.tm\/index.php?rest_route=\/wp\/v2\/users\/1"}],"replies":[{"embeddable":true,"href":"https:\/\/zamanturkmenistan.com.tm\/index.php?rest_route=%2Fwp%2Fv2%2Fcomments&post=16759"}],"version-history":[{"count":0,"href":"https:\/\/zamanturkmenistan.com.tm\/index.php?rest_route=\/wp\/v2\/posts\/16759\/revisions"}],"wp:featuredmedia":[{"embeddable":true,"href":"https:\/\/zamanturkmenistan.com.tm\/index.php?rest_route=\/wp\/v2\/media\/16760"}],"wp:attachment":[{"href":"https:\/\/zamanturkmenistan.com.tm\/index.php?rest_route=%2Fwp%2Fv2%2Fmedia&parent=16759"}],"wp:term":[{"taxonomy":"category","embeddable":true,"href":"https:\/\/zamanturkmenistan.com.tm\/index.php?rest_route=%2Fwp%2Fv2%2Fcategories&post=16759"},{"taxonomy":"post_tag","embeddable":true,"href":"https:\/\/zamanturkmenistan.com.tm\/index.php?rest_route=%2Fwp%2Fv2%2Ftags&post=16759"}],"curies":[{"name":"wp","href":"https:\/\/api.w.org\/{rel}","templated":true}]}}