{"id":17079,"date":"2018-08-27T09:04:56","date_gmt":"2018-08-27T04:04:56","guid":{"rendered":"http:\/\/zamanturkmenistan.com\/?p=17079"},"modified":"2018-08-27T09:04:56","modified_gmt":"2018-08-27T04:04:56","slug":"slo%c2%adwe%c2%adni%c2%adya%c2%adnyn-in-yas-prem%c2%adyer-mi%c2%adnist%c2%adri","status":"publish","type":"post","link":"https:\/\/zamanturkmenistan.com.tm\/?p=17079","title":{"rendered":"Slo\u00adwe\u00adni\u00ad\u00fda\u00adny\u0148 i\u0148 \u00fda\u015f Prem\u00ad\u00fder-mi\u00adnist\u00adri"},"content":{"rendered":"<p>Slo\u00adwe\u00adni\u00ad\u00fda\u00adny\u0148 par\u00adla\u00admen\u00adti \u00fdur\u00addu\u0148 Prem\u00ad\u00fder-mi\u00adnist\u00adrligine h\u00f6\u00add\u00fcr\u00adle\u00adnen Mar\u00ad\u00fdan \u015ea\u00adre\u00adsi\u0148 da\u00adla\u015f\u00adg\u00e4r\u00adli\u00adgi\u00adni tas\u00adsyk\u00adla\u00addy. 40 \u00fda\u00ad\u015fyn\u00adda\u00adky \u015ea\u00adrese h\u00f6\u00adk\u00fc\u00adme\u00adti d\u00fcz\u00admek ynanyldy. Ol \u015fu wag\u00adta \u00e7en\u00adli \u00fdur\u00addu\u0148 h\u00f6\u00adk\u00fc\u00admet ba\u015f\u00adtu\u00adta\u00adny we\u00adzi\u00adpe\u00adsi\u00adne sa\u00fd\u00adla\u00adnan i\u0148 \u00fda\u015f \u00fdol\u00adba\u015f\u00ad\u00e7y bol\u00addy. \u015ea\u00adres 8 \u00fdyl\u00addan b\u00e4\u00adri sy\u00ad\u00fda\u00adsat bi\u00adlen me\u015f\u00adgul\u00adlan\u00ad\u00fdar. Ol sy\u00ad\u00fda\u00adsy i\u015f\u00adler bi\u00adlen me\u015f\u00adgul\u00adlan\u00admaz\u00addan ozal re\u00addak\u00adtor we \u017eur\u00adna\u00adlist k\u00e4r\u00adle\u00adrin\u00adde hem i\u015f\u00adle\u00addi. 2010-njy \u00fdyl\u00adda Kam\u00adnik \u015f\u00e4\u00adhe\u00adri\u00adni\u0148 h\u00e4\u00adki\u00admi bol\u00addy. 2017-nji \u00fdyl\u00adda Pre\u00adzi\u00addent sa\u00fd\u00adlaw\u00adla\u00adry\u00adna da\u00adla\u015f edip, \u00fdur\u00addu\u0148 \u015fu wag\u00adtky Pre\u00adzi\u00adden\u00adti Bo\u00adrut Pa\u00adhor\u00addan yz\u00adda gal\u00addy.<\/p>\n","protected":false},"excerpt":{"rendered":"<p>Slo\u00adwe\u00adni\u00ad\u00fda\u00adny\u0148 par\u00adla\u00admen\u00adti \u00fdur\u00addu\u0148 Prem\u00ad\u00fder-mi\u00adnist\u00adrligine h\u00f6\u00add\u00fcr\u00adle\u00adnen Mar\u00ad\u00fdan \u015ea\u00adre\u00adsi\u0148 da\u00adla\u015f\u00adg\u00e4r\u00adli\u00adgi\u00adni tas\u00adsyk\u00adla\u00addy. 40 \u00fda\u00ad\u015fyn\u00adda\u00adky \u015ea\u00adrese h\u00f6\u00adk\u00fc\u00adme\u00adti d\u00fcz\u00admek ynanyldy. Ol \u015fu wag\u00adta \u00e7en\u00adli \u00fdur\u00addu\u0148 h\u00f6\u00adk\u00fc\u00admet ba\u015f\u00adtu\u00adta\u00adny we\u00adzi\u00adpe\u00adsi\u00adne sa\u00fd\u00adla\u00adnan i\u0148 \u00fda\u015f \u00fdol\u00adba\u015f\u00ad\u00e7y bol\u00addy. \u015ea\u00adres 8 \u00fdyl\u00addan b\u00e4\u00adri sy\u00ad\u00fda\u00adsat bi\u00adlen me\u015f\u00adgul\u00adlan\u00ad\u00fdar. Ol sy\u00ad\u00fda\u00adsy i\u015f\u00adler bi\u00adlen me\u015f\u00adgul\u00adlan\u00admaz\u00addan ozal re\u00addak\u00adtor we \u017eur\u00adna\u00adlist k\u00e4r\u00adle\u00adrin\u00adde hem i\u015f\u00adle\u00addi. 2010-njy \u00fdyl\u00adda Kam\u00adnik \u015f\u00e4\u00adhe\u00adri\u00adni\u0148 h\u00e4\u00adki\u00admi bol\u00addy. 2017-nji \u00fdyl\u00adda [&hellip;]<\/p>\n","protected":false},"author":1,"featured_media":17080,"comment_status":"open","ping_status":"closed","sticky":false,"template":"","format":"standard","meta":{"footnotes":""},"categories":[5],"tags":[],"acf":[],"_links":{"self":[{"href":"https:\/\/zamanturkmenistan.com.tm\/index.php?rest_route=\/wp\/v2\/posts\/17079"}],"collection":[{"href":"https:\/\/zamanturkmenistan.com.tm\/index.php?rest_route=\/wp\/v2\/posts"}],"about":[{"href":"https:\/\/zamanturkmenistan.com.tm\/index.php?rest_route=\/wp\/v2\/types\/post"}],"author":[{"embeddable":true,"href":"https:\/\/zamanturkmenistan.com.tm\/index.php?rest_route=\/wp\/v2\/users\/1"}],"replies":[{"embeddable":true,"href":"https:\/\/zamanturkmenistan.com.tm\/index.php?rest_route=%2Fwp%2Fv2%2Fcomments&post=17079"}],"version-history":[{"count":0,"href":"https:\/\/zamanturkmenistan.com.tm\/index.php?rest_route=\/wp\/v2\/posts\/17079\/revisions"}],"wp:featuredmedia":[{"embeddable":true,"href":"https:\/\/zamanturkmenistan.com.tm\/index.php?rest_route=\/wp\/v2\/media\/17080"}],"wp:attachment":[{"href":"https:\/\/zamanturkmenistan.com.tm\/index.php?rest_route=%2Fwp%2Fv2%2Fmedia&parent=17079"}],"wp:term":[{"taxonomy":"category","embeddable":true,"href":"https:\/\/zamanturkmenistan.com.tm\/index.php?rest_route=%2Fwp%2Fv2%2Fcategories&post=17079"},{"taxonomy":"post_tag","embeddable":true,"href":"https:\/\/zamanturkmenistan.com.tm\/index.php?rest_route=%2Fwp%2Fv2%2Ftags&post=17079"}],"curies":[{"name":"wp","href":"https:\/\/api.w.org\/{rel}","templated":true}]}}