{"id":17090,"date":"2018-08-27T09:06:54","date_gmt":"2018-08-27T04:06:54","guid":{"rendered":"http:\/\/zamanturkmenistan.com\/?p=17090"},"modified":"2018-08-27T09:06:54","modified_gmt":"2018-08-27T04:06:54","slug":"be%c2%adla%c2%adru%c2%adsun-yol%c2%adbas%c2%adcy-du%c2%adzu%c2%admi-ma%c2%adlim-edil%c2%addi","status":"publish","type":"post","link":"https:\/\/zamanturkmenistan.com.tm\/?p=17090","title":{"rendered":"Be\u00adla\u00adru\u00adsu\u0148 \u00fdol\u00adba\u015f\u00ad\u00e7y d\u00fc\u00adz\u00fc\u00admi m\u00e4\u00adlim edil\u00addi"},"content":{"rendered":"<p>Be\u00adla\u00adrus Res\u00adpub\u00adli\u00adka\u00adsy\u00adny\u0148 Pre\u00adzi\u00adden\u00adti Alek\u00adsandr Lu\u00adka\u00ad\u015fen\u00adko \u00fdur\u00addu\u0148 \u00fdol\u00adba\u015f\u00ad\u00e7y d\u00fc\u00adz\u00fc\u00admi\u00adni t\u00e4\u00adze\u00adle\u00addi. Bu ugur\u00adda de\u00adgi\u015f\u00adli ka\u00adrar\u00adla\u00adry ka\u00adbul eden Pre\u00adzi\u00addent Alek\u00adsandr Lu\u00adka\u00ad\u015fen\u00adko \u00fdur\u00addu\u0148 Prem\u00ad\u00fder-mi\u00adnist\u00adri we\u00adzi\u00adpe\u00adsi\u00adne \u00d6s\u00fc\u015f ban\u00adky\u00adny\u0148 m\u00fc\u00addi\u00adri\u00ad\u00fde\u00adti\u00adni\u0148 ba\u015f\u00adly\u00adgy Ser\u00adge\u00fd Ru\u00adma\u00adsy bel\u00adle\u00addi. Prem\u00ad\u00fder-mi\u00adnist\u00adri\u0148 bi\u00adrin\u00adji orun\u00adba\u00adsa\u00adrlygyna \u00fdur\u00addu\u0148 Mi\u00adnistr\u00adler Ka\u00adbi\u00adne\u00adti\u00adni\u0148 ge\u00ad\u0148e\u00ad\u015fi\u00adni\u0148 \u00fdol\u00adba\u015f\u00ad\u00e7y\u00adsy Alek\u00adsandr Tur\u00ad\u00e7in bel\u00adlen\u00addi. \u015ee\u00fd\u00adle hem h\u00f6\u00adk\u00fc\u00admet ba\u015f\u00adly\u00adgy\u00adny\u0148 \u00fde\u00adne-de bir\u00adn\u00e4\u00ad\u00e7e ugur\u00adlar bo\u00ad\u00fdun\u00ad\u00e7a orun\u00adba\u00adsar\u00adla\u00adry t\u00e4\u00adze\u00adlen\u00addi.<br \/>\nBe\u00adla\u00adrus Res\u00adpub\u00adli\u00adka\u00adsy\u00adny\u0148 Pre\u00adzi\u00adden\u00adti Alek\u00adsandr Lu\u00adka\u00ad\u015fen\u00adko i\u015fe bel\u00adle\u00adnen \u00fdol\u00adba\u015f\u00ad\u00e7y\u00adla\u00adry\u0148 we\u00adzi\u00adpe\u00adle\u00adri\u00adni kes\u00adgit\u00adl\u00e4p, \u00fdur\u00addu\u0148 \u00f6s\u00fc\u015f mak\u00adsat\u00adna\u00adma\u00adla\u00adry\u00adny\u0148 iler\u00adle\u00addil\u00adme\u00adgi ba\u00adbat\u00adda has yh\u00adlas\u00adly z\u00e4h\u00admet \u00e7ek\u00adme\u00adgi\u0148 ze\u00adrur\u00addy\u00adgy\u00adny bel\u00adle\u00addi.<\/p>\n","protected":false},"excerpt":{"rendered":"<p>Be\u00adla\u00adrus Res\u00adpub\u00adli\u00adka\u00adsy\u00adny\u0148 Pre\u00adzi\u00adden\u00adti Alek\u00adsandr Lu\u00adka\u00ad\u015fen\u00adko \u00fdur\u00addu\u0148 \u00fdol\u00adba\u015f\u00ad\u00e7y d\u00fc\u00adz\u00fc\u00admi\u00adni t\u00e4\u00adze\u00adle\u00addi. Bu ugur\u00adda de\u00adgi\u015f\u00adli ka\u00adrar\u00adla\u00adry ka\u00adbul eden Pre\u00adzi\u00addent Alek\u00adsandr Lu\u00adka\u00ad\u015fen\u00adko \u00fdur\u00addu\u0148 Prem\u00ad\u00fder-mi\u00adnist\u00adri we\u00adzi\u00adpe\u00adsi\u00adne \u00d6s\u00fc\u015f ban\u00adky\u00adny\u0148 m\u00fc\u00addi\u00adri\u00ad\u00fde\u00adti\u00adni\u0148 ba\u015f\u00adly\u00adgy Ser\u00adge\u00fd Ru\u00adma\u00adsy bel\u00adle\u00addi. Prem\u00ad\u00fder-mi\u00adnist\u00adri\u0148 bi\u00adrin\u00adji orun\u00adba\u00adsa\u00adrlygyna \u00fdur\u00addu\u0148 Mi\u00adnistr\u00adler Ka\u00adbi\u00adne\u00adti\u00adni\u0148 ge\u00ad\u0148e\u00ad\u015fi\u00adni\u0148 \u00fdol\u00adba\u015f\u00ad\u00e7y\u00adsy Alek\u00adsandr Tur\u00ad\u00e7in bel\u00adlen\u00addi. \u015ee\u00fd\u00adle hem h\u00f6\u00adk\u00fc\u00admet ba\u015f\u00adly\u00adgy\u00adny\u0148 \u00fde\u00adne-de bir\u00adn\u00e4\u00ad\u00e7e ugur\u00adlar bo\u00ad\u00fdun\u00ad\u00e7a orun\u00adba\u00adsar\u00adla\u00adry t\u00e4\u00adze\u00adlen\u00addi. Be\u00adla\u00adrus Res\u00adpub\u00adli\u00adka\u00adsy\u00adny\u0148 Pre\u00adzi\u00adden\u00adti Alek\u00adsandr Lu\u00adka\u00ad\u015fen\u00adko i\u015fe [&hellip;]<\/p>\n","protected":false},"author":1,"featured_media":0,"comment_status":"open","ping_status":"closed","sticky":false,"template":"","format":"standard","meta":{"footnotes":""},"categories":[5],"tags":[],"acf":[],"_links":{"self":[{"href":"https:\/\/zamanturkmenistan.com.tm\/index.php?rest_route=\/wp\/v2\/posts\/17090"}],"collection":[{"href":"https:\/\/zamanturkmenistan.com.tm\/index.php?rest_route=\/wp\/v2\/posts"}],"about":[{"href":"https:\/\/zamanturkmenistan.com.tm\/index.php?rest_route=\/wp\/v2\/types\/post"}],"author":[{"embeddable":true,"href":"https:\/\/zamanturkmenistan.com.tm\/index.php?rest_route=\/wp\/v2\/users\/1"}],"replies":[{"embeddable":true,"href":"https:\/\/zamanturkmenistan.com.tm\/index.php?rest_route=%2Fwp%2Fv2%2Fcomments&post=17090"}],"version-history":[{"count":0,"href":"https:\/\/zamanturkmenistan.com.tm\/index.php?rest_route=\/wp\/v2\/posts\/17090\/revisions"}],"wp:attachment":[{"href":"https:\/\/zamanturkmenistan.com.tm\/index.php?rest_route=%2Fwp%2Fv2%2Fmedia&parent=17090"}],"wp:term":[{"taxonomy":"category","embeddable":true,"href":"https:\/\/zamanturkmenistan.com.tm\/index.php?rest_route=%2Fwp%2Fv2%2Fcategories&post=17090"},{"taxonomy":"post_tag","embeddable":true,"href":"https:\/\/zamanturkmenistan.com.tm\/index.php?rest_route=%2Fwp%2Fv2%2Ftags&post=17090"}],"curies":[{"name":"wp","href":"https:\/\/api.w.org\/{rel}","templated":true}]}}