{"id":1731,"date":"2016-06-04T05:16:43","date_gmt":"2016-06-04T05:16:43","guid":{"rendered":"http:\/\/zamanturkmenistan.com\/?p=1731"},"modified":"2016-06-04T05:16:43","modified_gmt":"2016-06-04T05:16:43","slug":"ey%c2%adran-ye%c2%adne-de-bir-eme%c2%adli-hem%c2%adra-ucu%c2%adrar","status":"publish","type":"post","link":"https:\/\/zamanturkmenistan.com.tm\/?p=1731","title":{"rendered":"E\u00fd\u00adran \u00fde\u00adne-de bir  eme\u00adli hem\u00adra u\u00e7u\u00adrar"},"content":{"rendered":"<p>\u015eu \u00fdy\u00adly\u0148 do\u00adwa\u00admyn\u00adda E\u00fd\u00adran Ys\u00adlam Res\u00adpub\u00adli\u00adka\u00adsy as\u00adman gi\u00ad\u0148i\u015f\u00adli\u00adgi\u00adne \u00fde\u00adne-de bir eme\u00adli hem\u00adra iber\u00adme\u00adgi g\u00f6z \u00f6\u0148\u00fcn\u00adde tut\u00ad\u00fdar. Eme\u00adli hem\u00adra \u00fdur\u00addu\u0148 \u00f6z alym\u00adla\u00adry ta\u00adra\u00adpyn\u00addan \u00f6n\u00add\u00fc\u00adril\u00addi. Bu ba\u00adra\u00adda Mil\u00adli kos\u00admos agent\u00adli\u00adgi\u00adni\u0148 ba\u015f\u00adly\u00adgy Moh\u00adsen Bah\u00adra\u00admi ha\u00adbar ber\u00addi.<br \/>\nE\u00fd\u00adran\u00adda t\u00e4\u00adze \u00fdyl 21-nji mart\u00adda ba\u015f\u00adlan\u00addy. Few\u00adral a\u00fdyn\u00adda bol\u00adsa, \u201cS\u00e4\u00adher\u201d at\u00adly eme\u00adli hem\u00adra\u00adny \u00e4lem gi\u00ad\u0148i\u015f\u00adli\u00adgi\u00adne \u00fcs\u00adt\u00fcn\u00adlik\u00adli \u00e7y\u00adka\u00adryp\u00addy. E\u00fd\u00adra\u00adny\u0148 \u00f6z \u00f6n\u00add\u00fc\u00adren il\u00adkin\u00adji eme\u00adli hem\u00adra\u00adsy \u201cUmyt\u201d 2009-njy \u00fdyl\u00adda u\u00e7u\u00adry\u00adlyp\u00addy. 2009-2012-nji \u00fdyl\u00adlar ara\u00adly\u00adgyn\u00adda \u00e4lem gi\u00ad\u0148i\u015f\u00adli\u00adgi\u00adne \u00fde\u00adne-de 3 sa\u00adny eme\u00adli hem\u00adra ibe\u00adril\u00addi.<\/p>\n","protected":false},"excerpt":{"rendered":"<p>\u015eu \u00fdy\u00adly\u0148 do\u00adwa\u00admyn\u00adda E\u00fd\u00adran Ys\u00adlam Res\u00adpub\u00adli\u00adka\u00adsy as\u00adman gi\u00ad\u0148i\u015f\u00adli\u00adgi\u00adne \u00fde\u00adne-de bir eme\u00adli hem\u00adra iber\u00adme\u00adgi g\u00f6z \u00f6\u0148\u00fcn\u00adde tut\u00ad\u00fdar. Eme\u00adli hem\u00adra \u00fdur\u00addu\u0148 \u00f6z alym\u00adla\u00adry ta\u00adra\u00adpyn\u00addan \u00f6n\u00add\u00fc\u00adril\u00addi. Bu ba\u00adra\u00adda Mil\u00adli kos\u00admos agent\u00adli\u00adgi\u00adni\u0148 ba\u015f\u00adly\u00adgy Moh\u00adsen Bah\u00adra\u00admi ha\u00adbar ber\u00addi. E\u00fd\u00adran\u00adda t\u00e4\u00adze \u00fdyl 21-nji mart\u00adda ba\u015f\u00adlan\u00addy. Few\u00adral a\u00fdyn\u00adda bol\u00adsa, \u201cS\u00e4\u00adher\u201d at\u00adly eme\u00adli hem\u00adra\u00adny \u00e4lem gi\u00ad\u0148i\u015f\u00adli\u00adgi\u00adne \u00fcs\u00adt\u00fcn\u00adlik\u00adli \u00e7y\u00adka\u00adryp\u00addy. E\u00fd\u00adra\u00adny\u0148 \u00f6z \u00f6n\u00add\u00fc\u00adren il\u00adkin\u00adji eme\u00adli [&hellip;]<\/p>\n","protected":false},"author":1,"featured_media":0,"comment_status":"open","ping_status":"closed","sticky":false,"template":"","format":"standard","meta":{"footnotes":""},"categories":[5],"tags":[],"acf":[],"_links":{"self":[{"href":"https:\/\/zamanturkmenistan.com.tm\/index.php?rest_route=\/wp\/v2\/posts\/1731"}],"collection":[{"href":"https:\/\/zamanturkmenistan.com.tm\/index.php?rest_route=\/wp\/v2\/posts"}],"about":[{"href":"https:\/\/zamanturkmenistan.com.tm\/index.php?rest_route=\/wp\/v2\/types\/post"}],"author":[{"embeddable":true,"href":"https:\/\/zamanturkmenistan.com.tm\/index.php?rest_route=\/wp\/v2\/users\/1"}],"replies":[{"embeddable":true,"href":"https:\/\/zamanturkmenistan.com.tm\/index.php?rest_route=%2Fwp%2Fv2%2Fcomments&post=1731"}],"version-history":[{"count":0,"href":"https:\/\/zamanturkmenistan.com.tm\/index.php?rest_route=\/wp\/v2\/posts\/1731\/revisions"}],"wp:attachment":[{"href":"https:\/\/zamanturkmenistan.com.tm\/index.php?rest_route=%2Fwp%2Fv2%2Fmedia&parent=1731"}],"wp:term":[{"taxonomy":"category","embeddable":true,"href":"https:\/\/zamanturkmenistan.com.tm\/index.php?rest_route=%2Fwp%2Fv2%2Fcategories&post=1731"},{"taxonomy":"post_tag","embeddable":true,"href":"https:\/\/zamanturkmenistan.com.tm\/index.php?rest_route=%2Fwp%2Fv2%2Ftags&post=1731"}],"curies":[{"name":"wp","href":"https:\/\/api.w.org\/{rel}","templated":true}]}}