{"id":17451,"date":"2018-09-08T17:56:33","date_gmt":"2018-09-08T12:56:33","guid":{"rendered":"http:\/\/zamanturkmenistan.com\/?p=17451"},"modified":"2018-09-08T17:56:33","modified_gmt":"2018-09-08T12:56:33","slug":"pa%c2%adrag%c2%adwa%c2%adyyn-ta%c2%adze-ta%c2%adlim%c2%adci%c2%adsi","status":"publish","type":"post","link":"https:\/\/zamanturkmenistan.com.tm\/?p=17451","title":{"rendered":"Pa\u00adrag\u00adwa\u00ad\u00fdy\u0148 t\u00e4\u00adze t\u00e4\u00adlim\u00ad\u00e7i\u00adsi"},"content":{"rendered":"<p>Mek\u00adsi\u00adka\u00adny\u0148 mil\u00adli to\u00adpa\u00adry\u00adny\u0148 ozal\u00adky t\u00e4\u00adlim\u00ad\u00e7i\u00adsi Hu\u00adan Kar\u00adlos Oso\u00adrio Pa\u00adrag\u00adwa\u00ad\u00fdy\u0148 \u00fdy\u00adgyn\u00addy to\u00adpa\u00adry\u00adny\u0148 t\u00e4\u00adlim\u00ad\u00e7i\u00adligi\u00adne bel\u00adlen\u00addi. 57 \u00fda\u015f\u00adly t\u00e4\u00adlim\u00ad\u00e7i Ko\u00adpa Ame\u00adri\u00adka \u2013 2019-da hem-de Ka\u00adtar \u2013 2022 D\u00fcn\u00ad\u00fd\u00e4 Ku\u00adbo\u00adgy\u00adny\u0148 sa\u00fd\u00adla\u00adma tap\u00adgy\u00adryn\u00adda Pa\u00adrag\u00adwa\u00ad\u00fdy\u0148 \u00fdy\u00adgyn\u00addy\u00adsy\u00adna t\u00e4\u00adlim\u00ad\u00e7i\u00adlik eder. Mek\u00adsi\u00adka\u00adly t\u00e4\u00adlim\u00ad\u00e7i \u00f6z \u00fdur\u00addu\u00adny\u0148, Ko\u00adlum\u00adbi\u00ad\u00fda\u00adny\u0148, AB\u015e-ny\u0148 hem-de Bra\u00adzi\u00adli\u00ad\u00fda\u00adny\u0148 \u00e7em\u00adpio\u00adnat\u00adla\u00adryn\u00adda bir\u00adn\u00e4\u00ad\u00e7e klub\u00adda-da i\u015f\u00adl\u00e4p\u00addi.<\/p>\n","protected":false},"excerpt":{"rendered":"<p>Mek\u00adsi\u00adka\u00adny\u0148 mil\u00adli to\u00adpa\u00adry\u00adny\u0148 ozal\u00adky t\u00e4\u00adlim\u00ad\u00e7i\u00adsi Hu\u00adan Kar\u00adlos Oso\u00adrio Pa\u00adrag\u00adwa\u00ad\u00fdy\u0148 \u00fdy\u00adgyn\u00addy to\u00adpa\u00adry\u00adny\u0148 t\u00e4\u00adlim\u00ad\u00e7i\u00adligi\u00adne bel\u00adlen\u00addi. 57 \u00fda\u015f\u00adly t\u00e4\u00adlim\u00ad\u00e7i Ko\u00adpa Ame\u00adri\u00adka \u2013 2019-da hem-de Ka\u00adtar \u2013 2022 D\u00fcn\u00ad\u00fd\u00e4 Ku\u00adbo\u00adgy\u00adny\u0148 sa\u00fd\u00adla\u00adma tap\u00adgy\u00adryn\u00adda Pa\u00adrag\u00adwa\u00ad\u00fdy\u0148 \u00fdy\u00adgyn\u00addy\u00adsy\u00adna t\u00e4\u00adlim\u00ad\u00e7i\u00adlik eder. Mek\u00adsi\u00adka\u00adly t\u00e4\u00adlim\u00ad\u00e7i \u00f6z \u00fdur\u00addu\u00adny\u0148, Ko\u00adlum\u00adbi\u00ad\u00fda\u00adny\u0148, AB\u015e-ny\u0148 hem-de Bra\u00adzi\u00adli\u00ad\u00fda\u00adny\u0148 \u00e7em\u00adpio\u00adnat\u00adla\u00adryn\u00adda bir\u00adn\u00e4\u00ad\u00e7e klub\u00adda-da i\u015f\u00adl\u00e4p\u00addi.<\/p>\n","protected":false},"author":1,"featured_media":17452,"comment_status":"open","ping_status":"closed","sticky":false,"template":"","format":"standard","meta":{"footnotes":""},"categories":[13],"tags":[],"acf":[],"_links":{"self":[{"href":"https:\/\/zamanturkmenistan.com.tm\/index.php?rest_route=\/wp\/v2\/posts\/17451"}],"collection":[{"href":"https:\/\/zamanturkmenistan.com.tm\/index.php?rest_route=\/wp\/v2\/posts"}],"about":[{"href":"https:\/\/zamanturkmenistan.com.tm\/index.php?rest_route=\/wp\/v2\/types\/post"}],"author":[{"embeddable":true,"href":"https:\/\/zamanturkmenistan.com.tm\/index.php?rest_route=\/wp\/v2\/users\/1"}],"replies":[{"embeddable":true,"href":"https:\/\/zamanturkmenistan.com.tm\/index.php?rest_route=%2Fwp%2Fv2%2Fcomments&post=17451"}],"version-history":[{"count":0,"href":"https:\/\/zamanturkmenistan.com.tm\/index.php?rest_route=\/wp\/v2\/posts\/17451\/revisions"}],"wp:featuredmedia":[{"embeddable":true,"href":"https:\/\/zamanturkmenistan.com.tm\/index.php?rest_route=\/wp\/v2\/media\/17452"}],"wp:attachment":[{"href":"https:\/\/zamanturkmenistan.com.tm\/index.php?rest_route=%2Fwp%2Fv2%2Fmedia&parent=17451"}],"wp:term":[{"taxonomy":"category","embeddable":true,"href":"https:\/\/zamanturkmenistan.com.tm\/index.php?rest_route=%2Fwp%2Fv2%2Fcategories&post=17451"},{"taxonomy":"post_tag","embeddable":true,"href":"https:\/\/zamanturkmenistan.com.tm\/index.php?rest_route=%2Fwp%2Fv2%2Ftags&post=17451"}],"curies":[{"name":"wp","href":"https:\/\/api.w.org\/{rel}","templated":true}]}}