{"id":17569,"date":"2018-09-15T16:18:35","date_gmt":"2018-09-15T11:18:35","guid":{"rendered":"http:\/\/zamanturkmenistan.com\/?p=17569"},"modified":"2018-09-15T16:18:35","modified_gmt":"2018-09-15T11:18:35","slug":"elekt%c2%adrou%c2%adlag-ucin-hyz%c2%admat%c2%addas%c2%adly%c2%adk","status":"publish","type":"post","link":"https:\/\/zamanturkmenistan.com.tm\/?p=17569","title":{"rendered":"Elekt\u00adrou\u00adlag \u00fc\u00e7in hyz\u00admat\u00adda\u015f\u00adly\u00adk"},"content":{"rendered":"<p>D\u00f6w\u00adlet ta\u00adra\u00adpyn\u00addan be\u00adril\u00ad\u00fd\u00e4n gol\u00addaw\u00adla\u00adry\u0148 ne\u00adti\u00adje\u00adsin\u00adde, m\u00fc\u015f\u00adde\u00adri\u00adle\u00adri\u0148 elekt\u00adrou\u00adlag\u00adla\u00adra is\u00adle\u00adgi\u00adni\u0148 bar\u00adha art\u00adma\u00adgy bi\u00adlen ola\u00adry\u0148 ba\u00adzar\u00adda\u00adky pa\u00ad\u00fdy has-da \u00fdo\u00adkar\u00adlan\u00ad\u00fdar. Bu ugur\u00adda ame\u00adri\u00adkan \u201cTes\u00adla\u201d kom\u00adpa\u00adni\u00ad\u00fda\u00adsy bi\u00adlen hy\u00adta\u00fd\u00adly brend\u00adler \u00f6\u0148\u00adde\u00adli\u00adgi e\u00fde\u00adle\u00ad\u00fd\u00e4r. Yg\u00adty\u00adbar\u00adly aw\u00adtou\u00adlag \u00f6n\u00add\u00fcr\u00admek\u00adde \u00f6\u0148\u00adde\u00adba\u00adry\u00adjy ne\u00admes brend\u00adle\u00adri bol\u00adsa, bu ba\u00adbat\u00adda en\u00adtek \u00fde\u00adter\u00adlik de\u00adre\u00adje\u00adde \u00f6s\u00fc\u015f ga\u00adzan\u00adma\u00addy\u00adlar. Bu ugur\u00adda dur\u00admu\u00ad\u015fa ge\u00ad\u00e7i\u00adril\u00ad\u00fd\u00e4n tas\u00adla\u00adma\u00adlar\u00adda \u015fe\u00fd\u00adle ulag\u00adlar \u00fc\u00e7in \u00f6r\u00e4n \u00e4h\u00admi\u00ad\u00fdet\u00adli bo\u00adlan ba\u00adta\u00adre\u00ad\u00fda me\u00adse\u00adle\u00adsin\u00adde hy\u00adta\u00fd\u00adly brend\u00adler bi\u00adlen hyz\u00admat\u00adda\u015f\u00adlyk et\u00adme\u00adli bol\u00ad\u00fdar. Ba\u00adzar\u00addan \u00fde\u00adter\u00adlik de\u00adre\u00adje\u00adde pa\u00fd al\u00admak is\u00adle\u00ad\u00fd\u00e4n ne\u00admes brend\u00adle\u00adri b\u00e4s\u00adde\u015f\u00adlik\u00adden yza gal\u00admaz\u00adlyk \u00fc\u00e7in hyz\u00admat\u00adda\u015f\u00adlyk et\u00admek ka\u00adra\u00adry\u00adna gel\u00addi\u00adler. Bu ug\u00adra gel\u00adjek \u00fc\u00e7 \u00fdy\u00adly\u0148 do\u00adwa\u00admyn\u00adda 40 mil\u00adliard \u00fdew\u00adro sarp edi\u00adler. Mu\u00adnu\u0148 ne\u00adti\u00adje\u00adsin\u00adde \u00f6n\u00add\u00fc\u00adril\u00adjek ulag\u00adlar \u201cTes\u00adla\u201d-ny\u0148 \u201cMo\u00addel S\u201d, \u201cSUV Mo\u00addel X\u201d we \u201cMo\u00addel 3\u201d mo\u00addel\u00adle\u00adri bi\u00adlen b\u00e4s\u00adle\u00ad\u015fer. In\u00addi\u00adki \u00fdyl\u00addan ba\u015f\u00adlap, ne\u00admes \u00f6n\u00fcm \u00f6n\u00add\u00fc\u00adri\u00adji\u00adle\u00adri her a\u00fd t\u00e4\u00adze bir elekt\u00adrou\u00adla\u00adgy sa\u00adtu\u00adwa \u00e7y\u00adkar\u00adma\u00adgy mak\u00adsat edin\u00ad\u00fd\u00e4rler. \u015eo\u00adla\u00adry\u0148 ha\u00adta\u00adryn\u00adda \u201cMercedes\u201d kom\u00adpa\u00adni\u00ad\u00fda\u00adsy\u00adny\u0148 gola\u00fdda \u015ewe\u00adsi\u00ad\u00fda\u00adny\u0148 pa\u00fd\u00adtag\u00adty Stok\u00adgolm\u00adda k\u00f6p\u00ad\u00e7\u00fc\u00adli\u00adge g\u00f6r\u00adke\u00adzi\u00adlen EQC SUV ula\u00adgy in\u00addi\u00adki \u00fdy\u00adly\u0148 tom\u00adsun\u00adda sa\u00adtu\u00adwa \u00e7y\u00adka\u00adry\u00adlar. \u201cMo\u00addel S\u201d do\u00adly zar\u00ad\u00fda\u00addy bi\u00adlen 417 km ge\u00e7\u00ad\u00fd\u00e4n bol\u00adsa, EQC 400 km \u00fd\u00f6\u00adre\u00ad\u00fd\u00e4r. BMW-ni\u0148 \u201cInext\u201d se\u00addan elekt\u00adro\u00adka\u00adry bol\u00adsa, 8-nji sent\u00ad\u00fdabr\u00adda M\u00fdu\u00adnih\u00adde ta\u00adny\u015f\u00addy\u00adryl\u00addy. 2021-nji \u00fdyl\u00adda \u00f6n\u00add\u00fc\u00adri\u00adlip ba\u015f\u00adlan\u00adjak ula\u00adga t\u00e4\u00adze ba\u00adta\u00adre\u00ad\u00fda go\u00ad\u00fdul\u00adma\u00adgy bi\u00adlen 700 km \u00fdol ge\u00ad\u00e7er. BMW bol\u00adsa, \u201cMi\u00adni\u201d mo\u00adde\u00adli\u00adni\u0148 elekt\u00adrik ener\u00adgi\u00ad\u00fda\u00adsy bi\u00adlen i\u015f\u00adle\u00ad\u00fd\u00e4n mo\u00adde\u00adli\u00adni 2019-njy \u00fdyl\u00adda sa\u00adtu\u00adwa \u00e7y\u00adka\u00adrar. \u201cVolks\u00adwa\u00adgen\u201d to\u00adpa\u00adry\u00adny\u0148 ka\u00ad\u015fa\u0148 mo\u00addel\u00adle\u00adri \u00f6n\u00add\u00fcr\u00ad\u00fd\u00e4n \u201cAudi\u201d bren\u00addi \u015fu a\u00fdy\u0148 17-si\u00adne San-Fran\u00adsis\u00adko\u00adda \u201ce-tron SUV\u201d mo\u00adde\u00adli\u00adni ta\u00adny\u015f\u00addy\u00adrar. Kompani\u00fda go\u00adla\u00fd\u00adda il\u00adkin\u00adji \u201ce-tron\u201d elekt\u00adrou\u00adla\u00adgy\u00adny \u00fdola go\u00fddy. Bir ge\u00adzek\u00adki zar\u00ad\u00fda\u00addy bi\u00adlen 500 km ge\u00e7\u00ad\u00fd\u00e4n bu ula\u00adg \u00fdy\u00adly\u0148 ahy\u00adryn\u00adda 80 m\u00fc\u0148 \u00fdew\u00adro\u00addan \u00f6z ata wa\u00adta\u00adnyn\u00adda m\u00fc\u015f\u00adde\u00adri\u00adle\u00adre \u00fde\u00adti\u00adri\u00adlip ba\u015f\u00adla\u00adnar.<br \/>\nKom\u00adpa\u00adni\u00ad\u00fda\u00adny\u0148 do\u00adlu\u00adly\u00adgy\u00adna elekt\u00adrik ener\u00adgi\u00ad\u00fda\u00adsy bi\u00adlen i\u015f\u00adle\u00ad\u00fd\u00e4n il\u00adkin\u00adji SUV mo\u00adde\u00adli \u00fc\u00e7 \u00fdyl ozal Frank\u00adfurt\u00adda ge\u00ad\u00e7i\u00adri\u00adlen ser\u00adgi\u00adde ta\u00adny\u015f\u00addy\u00adry\u00adlyp\u00addy. Bir\u00adn\u00e4\u00ad\u00e7e \u00fdyllap \u00fcst\u00fcnde i\u015flenen elekt\u00adrou\u00adlag\u00adlar kom\u00adpa\u00adni\u00ad\u00fda\u00adny\u0148 Br\u00fdus\u00adsel\u00add\u00e4\u00adki za\u00adwo\u00addyn\u00adda \u00f6n\u00add\u00fc\u00adril\u00ad\u00fd\u00e4r. \u00d6n\u00fcm\u00ad\u00e7i\u00adlik des\u00adga\u00adsy 2016-njy \u00fdyl\u00addan b\u00e4\u00adri elekt\u00adrou\u00adlag \u00f6n\u00add\u00fcr\u00admek \u00fc\u00e7in \u00fd\u00f6\u00adri\u00adte ta\u00fd\u00ad\u00fdar\u00adlan\u00addy. Bu \u00fder\u00adde elekt\u00adrou\u00adlag\u00adlar \u00fc\u00e7in ba\u00adta\u00adre\u00ad\u00fda \u00f6n\u00fcm\u00ad\u00e7i\u00adli\u00adgi hem \u00fdo\u00adla go\u00fd\u00adlar. B\u00e4\u015f orun\u00adly SUV bir ge\u00adzek\u00adki zar\u00ad\u00fda\u00addy bi\u00adlen 400 km \u00fdol ge\u00ad\u00e7er. \u201cAudi\u201d 2020-nji \u00fdy\u00adla \u00e7en\u00adli d\u00f6rt ga\u00adpy\u00adly \u201cGran Tou\u00adris\u00admo\u201d we \u00fde\u00adne bir elekt\u00adrou\u00adla\u00adgy\u0148 \u00f6n\u00fcm\u00ad\u00e7i\u00adli\u00adgi\u00adni \u00fdo\u00adla go\u00ad\u00fdar. \u015ee\u00fd\u00adle hem kom\u00adpa\u00adni\u00ad\u00fda 2025-nji \u00fdy\u00adla \u00e7en\u00adli 20 sa\u00adny gib\u00adrid we elekt\u00adrou\u00adlag mo\u00adde\u00adli\u00adni sa\u00adtu\u00adwa \u00e7y\u00adka\u00adrar.<\/p>\n","protected":false},"excerpt":{"rendered":"<p>D\u00f6w\u00adlet ta\u00adra\u00adpyn\u00addan be\u00adril\u00ad\u00fd\u00e4n gol\u00addaw\u00adla\u00adry\u0148 ne\u00adti\u00adje\u00adsin\u00adde, m\u00fc\u015f\u00adde\u00adri\u00adle\u00adri\u0148 elekt\u00adrou\u00adlag\u00adla\u00adra is\u00adle\u00adgi\u00adni\u0148 bar\u00adha art\u00adma\u00adgy bi\u00adlen ola\u00adry\u0148 ba\u00adzar\u00adda\u00adky pa\u00ad\u00fdy has-da \u00fdo\u00adkar\u00adlan\u00ad\u00fdar. Bu ugur\u00adda ame\u00adri\u00adkan \u201cTes\u00adla\u201d kom\u00adpa\u00adni\u00ad\u00fda\u00adsy bi\u00adlen hy\u00adta\u00fd\u00adly brend\u00adler \u00f6\u0148\u00adde\u00adli\u00adgi e\u00fde\u00adle\u00ad\u00fd\u00e4r. Yg\u00adty\u00adbar\u00adly aw\u00adtou\u00adlag \u00f6n\u00add\u00fcr\u00admek\u00adde \u00f6\u0148\u00adde\u00adba\u00adry\u00adjy ne\u00admes brend\u00adle\u00adri bol\u00adsa, bu ba\u00adbat\u00adda en\u00adtek \u00fde\u00adter\u00adlik de\u00adre\u00adje\u00adde \u00f6s\u00fc\u015f ga\u00adzan\u00adma\u00addy\u00adlar. Bu ugur\u00adda dur\u00admu\u00ad\u015fa ge\u00ad\u00e7i\u00adril\u00ad\u00fd\u00e4n tas\u00adla\u00adma\u00adlar\u00adda \u015fe\u00fd\u00adle ulag\u00adlar \u00fc\u00e7in \u00f6r\u00e4n \u00e4h\u00admi\u00ad\u00fdet\u00adli bo\u00adlan ba\u00adta\u00adre\u00ad\u00fda me\u00adse\u00adle\u00adsin\u00adde hy\u00adta\u00fd\u00adly brend\u00adler [&hellip;]<\/p>\n","protected":false},"author":1,"featured_media":17570,"comment_status":"open","ping_status":"closed","sticky":false,"template":"","format":"standard","meta":{"footnotes":""},"categories":[8],"tags":[],"acf":[],"_links":{"self":[{"href":"https:\/\/zamanturkmenistan.com.tm\/index.php?rest_route=\/wp\/v2\/posts\/17569"}],"collection":[{"href":"https:\/\/zamanturkmenistan.com.tm\/index.php?rest_route=\/wp\/v2\/posts"}],"about":[{"href":"https:\/\/zamanturkmenistan.com.tm\/index.php?rest_route=\/wp\/v2\/types\/post"}],"author":[{"embeddable":true,"href":"https:\/\/zamanturkmenistan.com.tm\/index.php?rest_route=\/wp\/v2\/users\/1"}],"replies":[{"embeddable":true,"href":"https:\/\/zamanturkmenistan.com.tm\/index.php?rest_route=%2Fwp%2Fv2%2Fcomments&post=17569"}],"version-history":[{"count":0,"href":"https:\/\/zamanturkmenistan.com.tm\/index.php?rest_route=\/wp\/v2\/posts\/17569\/revisions"}],"wp:featuredmedia":[{"embeddable":true,"href":"https:\/\/zamanturkmenistan.com.tm\/index.php?rest_route=\/wp\/v2\/media\/17570"}],"wp:attachment":[{"href":"https:\/\/zamanturkmenistan.com.tm\/index.php?rest_route=%2Fwp%2Fv2%2Fmedia&parent=17569"}],"wp:term":[{"taxonomy":"category","embeddable":true,"href":"https:\/\/zamanturkmenistan.com.tm\/index.php?rest_route=%2Fwp%2Fv2%2Fcategories&post=17569"},{"taxonomy":"post_tag","embeddable":true,"href":"https:\/\/zamanturkmenistan.com.tm\/index.php?rest_route=%2Fwp%2Fv2%2Ftags&post=17569"}],"curies":[{"name":"wp","href":"https:\/\/api.w.org\/{rel}","templated":true}]}}