{"id":17716,"date":"2018-09-29T17:49:43","date_gmt":"2018-09-29T12:49:43","guid":{"rendered":"http:\/\/zamanturkmenistan.com\/?p=17716"},"modified":"2018-09-29T17:49:43","modified_gmt":"2018-09-29T12:49:43","slug":"sind%c2%adzo-abe-we%c2%adzi%c2%adpe%c2%adsin%c2%adde-gal%c2%addy","status":"publish","type":"post","link":"https:\/\/zamanturkmenistan.com.tm\/?p=17716","title":{"rendered":"Sind\u00adzo Abe we\u00adzi\u00adpe\u00adsin\u00adde gal\u00addy"},"content":{"rendered":"<p>\u00dda\u00adpo\u00adni\u00ad\u00fda\u00adny\u0148 do\u00adlan\u00addy\u00adry\u00adjy Li\u00adbe\u00adral-de\u00admok\u00adra\u00adtik par\u00adti\u00ad\u00fda\u00adsy\u00adny\u0148 ba\u015f\u00adlyk\u00adly\u00adgy\u00adna \u00fc\u00e7\u00fcn\u00adji ge\u00adzek Sind\u00adzo Abe sa\u00fd\u00adlan\u00addy. \u015ee\u00fd\u00adle\u00adlik\u00adde, Sind\u00adzo Abe di\u00ad\u0148e bir \u00fc\u00e7\u00fcn\u00adji ge\u00adzek par\u00adti\u00ad\u00fda\u00adny\u0148 li\u00adde\u00adri bol\u00adman, e\u00fd\u00adsem, 2021-nji \u00fdyl\u00adda ge\u00ad\u00e7i\u00adril\u00adjek par\u00adla\u00adment sa\u00fd\u00adlaw\u00adla\u00adry\u00adna \u00e7en\u00adli \u00fdur\u00addu\u0148 Prem\u00ad\u00fder-mi\u00adnist\u00adri bo\u00adlar.<br \/>\nMag\u00adlu\u00admat\u00adla\u00adra g\u00f6\u00adr\u00e4, Sind\u00adzo Abe sa\u00fd\u00adlaw\u00adlar\u00adda 553 ses alyp, 254 ses alan esa\u00adsy b\u00e4s\u00adde\u00ad\u015fi Si\u00adge\u00adru Isi\u00adba\u00addan iki es\u00adse k\u00f6p ne\u00adti\u00adje ga\u00adzan\u00addy. Mun\u00addan ozal, Sind\u00adzo Abe \u00fde\u00ad\u0148i\u015f ga\u00adza\u00adnan ha\u00adla\u00adtyn\u00adda, \u00fdur\u00addu\u0148 de\u00admog\u00adra\u00adfik hem-de hal\u00adka\u00adra me\u00adse\u00adle\u00adle\u00adri\u00adni \u00e7\u00f6z\u00admek\u00adde ta\u00adgal\u00adla\u00adla\u00adry\u00adny ga\u00fd\u00adgyr\u00adma\u00adjak\u00addy\u00adgy\u00adny a\u00fd\u00addyp\u00addy. Sind\u00adzo Abe 2012-nji \u00fdyl\u00addan b\u00e4\u00adri \u00fdur\u00addy do\u00adlan\u00addyr\u00ad\u00fdar. Bi\u00adler\u00admen\u00adle\u00adri\u0148 a\u00fdt\u00adma\u00adgy\u00adna g\u00f6\u00adr\u00e4, ol \u00fda\u00adkyn wagt\u00adda bu we\u00adzi\u00adpe\u00adde uzak wagt\u00adlap ga\u00adlan \u00fda\u00adpon prem\u00ad\u00fder\u00adle\u00adri\u00adni\u0148 re\u00fd\u00adtin\u00adgi\u00adni\u0148 ba\u00ad\u015fy\u00adny \u00e7e\u00adker.<\/p>\n","protected":false},"excerpt":{"rendered":"<p>\u00dda\u00adpo\u00adni\u00ad\u00fda\u00adny\u0148 do\u00adlan\u00addy\u00adry\u00adjy Li\u00adbe\u00adral-de\u00admok\u00adra\u00adtik par\u00adti\u00ad\u00fda\u00adsy\u00adny\u0148 ba\u015f\u00adlyk\u00adly\u00adgy\u00adna \u00fc\u00e7\u00fcn\u00adji ge\u00adzek Sind\u00adzo Abe sa\u00fd\u00adlan\u00addy. \u015ee\u00fd\u00adle\u00adlik\u00adde, Sind\u00adzo Abe di\u00ad\u0148e bir \u00fc\u00e7\u00fcn\u00adji ge\u00adzek par\u00adti\u00ad\u00fda\u00adny\u0148 li\u00adde\u00adri bol\u00adman, e\u00fd\u00adsem, 2021-nji \u00fdyl\u00adda ge\u00ad\u00e7i\u00adril\u00adjek par\u00adla\u00adment sa\u00fd\u00adlaw\u00adla\u00adry\u00adna \u00e7en\u00adli \u00fdur\u00addu\u0148 Prem\u00ad\u00fder-mi\u00adnist\u00adri bo\u00adlar. Mag\u00adlu\u00admat\u00adla\u00adra g\u00f6\u00adr\u00e4, Sind\u00adzo Abe sa\u00fd\u00adlaw\u00adlar\u00adda 553 ses alyp, 254 ses alan esa\u00adsy b\u00e4s\u00adde\u00ad\u015fi Si\u00adge\u00adru Isi\u00adba\u00addan iki es\u00adse k\u00f6p ne\u00adti\u00adje ga\u00adzan\u00addy. Mun\u00addan ozal, Sind\u00adzo Abe \u00fde\u00ad\u0148i\u015f [&hellip;]<\/p>\n","protected":false},"author":1,"featured_media":17717,"comment_status":"open","ping_status":"closed","sticky":false,"template":"","format":"standard","meta":{"footnotes":""},"categories":[5],"tags":[],"acf":[],"_links":{"self":[{"href":"https:\/\/zamanturkmenistan.com.tm\/index.php?rest_route=\/wp\/v2\/posts\/17716"}],"collection":[{"href":"https:\/\/zamanturkmenistan.com.tm\/index.php?rest_route=\/wp\/v2\/posts"}],"about":[{"href":"https:\/\/zamanturkmenistan.com.tm\/index.php?rest_route=\/wp\/v2\/types\/post"}],"author":[{"embeddable":true,"href":"https:\/\/zamanturkmenistan.com.tm\/index.php?rest_route=\/wp\/v2\/users\/1"}],"replies":[{"embeddable":true,"href":"https:\/\/zamanturkmenistan.com.tm\/index.php?rest_route=%2Fwp%2Fv2%2Fcomments&post=17716"}],"version-history":[{"count":0,"href":"https:\/\/zamanturkmenistan.com.tm\/index.php?rest_route=\/wp\/v2\/posts\/17716\/revisions"}],"wp:featuredmedia":[{"embeddable":true,"href":"https:\/\/zamanturkmenistan.com.tm\/index.php?rest_route=\/wp\/v2\/media\/17717"}],"wp:attachment":[{"href":"https:\/\/zamanturkmenistan.com.tm\/index.php?rest_route=%2Fwp%2Fv2%2Fmedia&parent=17716"}],"wp:term":[{"taxonomy":"category","embeddable":true,"href":"https:\/\/zamanturkmenistan.com.tm\/index.php?rest_route=%2Fwp%2Fv2%2Fcategories&post=17716"},{"taxonomy":"post_tag","embeddable":true,"href":"https:\/\/zamanturkmenistan.com.tm\/index.php?rest_route=%2Fwp%2Fv2%2Ftags&post=17716"}],"curies":[{"name":"wp","href":"https:\/\/api.w.org\/{rel}","templated":true}]}}