{"id":17752,"date":"2018-09-29T18:05:55","date_gmt":"2018-09-29T13:05:55","guid":{"rendered":"http:\/\/zamanturkmenistan.com\/?p=17752"},"modified":"2018-09-29T18:05:55","modified_gmt":"2018-09-29T13:05:55","slug":"aka%c2%adde%c2%admi%c2%adya%c2%adnyn-ta%c2%adze-ag%c2%adza%c2%adla%c2%adry","status":"publish","type":"post","link":"https:\/\/zamanturkmenistan.com.tm\/?p=17752","title":{"rendered":"Aka\u00adde\u00admi\u00ad\u00fda\u00adny\u0148 t\u00e4\u00adze ag\u00adza\u00adla\u00adry"},"content":{"rendered":"<p>Os\u00adkar ba\u00fd\u00adrak\u00adla\u00adry\u00adny\u0148 gu\u00adra\u00adma\u00ad\u00e7y\u00adsy Ame\u00adri\u00adkan ki\u00adno sun\u00adga\u00adty we bi\u00adlim\u00adle\u00adri aka\u00adde\u00admi\u00ad\u00fda\u00adsy (AM\u00adPAS) t\u00e4\u00adze ag\u00adza\u00adla\u00adry\u00adny m\u00e4\u00adlim et\u00addi. Bu \u00fdyl t\u00e4\u00adze go\u00ad\u015fu\u00adlan ag\u00adza\u00adla\u00adry\u0148 sa\u00adny je\u00admi 928 bo\u00adlup, olar 59 \u00fdurt\u00addan ki\u00adno sun\u00adga\u00adty\u00adna de\u00adgi\u015f\u00adli d\u00fcr\u00adli k\u00e4r\u00add\u00e4\u00adki \u015fah\u00adsy\u00ad\u00fdet\u00adler\u00addir. Os\u00adka\u00adry\u0148 da\u00adla\u015f\u00adg\u00e4r\u00adle\u00adri\u00adne ses ber\u00adjek \u015fol ag\u00adza\u00adla\u00adry\u0148 49 g\u00f6\u00adte\u00adri\u00admi ze\u00adnan\u00adlar\u00addan yba\u00adrat\u00addyr.<img decoding=\"async\" loading=\"lazy\" class=\"alignleft size-medium wp-image-17753\" src=\"http:\/\/zamanturkmenistan.com\/wp-content\/uploads\/2018\/09\/Oscar_statue_nobackground_ampas2-copy-105x300.jpg\" alt=\"\" width=\"105\" height=\"300\" srcset=\"https:\/\/zamanturkmenistan.com.tm\/wp-content\/uploads\/2018\/09\/Oscar_statue_nobackground_ampas2-copy-105x300.jpg 105w, https:\/\/zamanturkmenistan.com.tm\/wp-content\/uploads\/2018\/09\/Oscar_statue_nobackground_ampas2-copy-357x1024.jpg 357w, https:\/\/zamanturkmenistan.com.tm\/wp-content\/uploads\/2018\/09\/Oscar_statue_nobackground_ampas2-copy-147x420.jpg 147w, https:\/\/zamanturkmenistan.com.tm\/wp-content\/uploads\/2018\/09\/Oscar_statue_nobackground_ampas2-copy.jpg 500w\" sizes=\"(max-width: 105px) 100vw, 105px\" \/> Aka\u00adde\u00admi\u00ad\u00fda ag\u00adza sa\u00fd\u00adla\u00adnan\u00adla\u00adry\u0148 ara\u00adsyn\u00adda Emi\u00adli\u00ad\u00fda Klark, \u201cHar\u00adry Pot\u00adte\u00adri\u0148\u201d aw\u00adto\u00adry J.K. Row\u00adling, Tif\u00adfa\u00adni Had\u00addi\u015f, Kend\u00adrik La\u00admar, Ti\u00admo\u00adti \u015ea\u00adla\u00adme, Da\u00adni\u00adel Ka\u00adluu\u00ad\u00fda, Da\u00adnai Gu\u00adri\u00adra, De\u00fd\u00adzi Rid\u00adle\u00fd, De\u00fdw \u00c7ap\u00adpell, Enn Dowd, Emi \u015eu\u00admer, Sa\u00adrah Sil\u00adwer\u00adman, Ewan Ra\u00ad\u00e7el Wud, Le\u00adna Hi\u00adde\u00fd, Ped\u00adro Pas\u00adkal, Al\u00adli\u00adson Bri, Abi\u00adgal Bres\u00adlin, Ha\u00adle\u00fd Ben\u00adnett, So\u00adfi\u00ad\u00fda Bu\u00adtel\u00adla, Li\u00adli Kol\u00adlins, Zo\u00fd Deut\u00e7, A\u00fd\u00adla Fi\u00ad\u015fer, Mark Strong, Pol De\u00adnam Os\u00adter\u00adber\u00adri, Ta\u00adren Eger\u00adton, Le\u00ad\u00fda Se\u00fd\u00addu, Na\u00adsi\u00adrud\u00addin \u015eah, Ewa Grin, Da\u00ad\u00fda\u00adna Grin, Li\u00adli Je\u00fdms, Anil Ka\u00adpur, \u015eah Ruh Han, Ta\u00adhar Ra\u00adhim, Ra\u00ad\u015fi\u00adda Jons, Zou Ka\u00adzan, Oli\u00adwi\u00ad\u00fda Munn, Ble\u00fdk La\u00fdw\u00adli, Ku\u00adma\u00adil Nan\u00ad\u017eia\u00adni, Ji\u00adna Rod\u00adri\u00adges \u00fda\u00adly bel\u00adli sun\u00adgat i\u015f\u00adg\u00e4r\u00adle\u00adri, ar\u00adtist\u00adler bar. Aka\u00adde\u00admi\u00ad\u00fda\u00adny\u0148 t\u00e4\u00adze ag\u00adza\u00adla\u00adry\u00adny\u0148 Os\u00adka\u00adry\u0148 da\u00adla\u015f\u00adg\u00e4r\u00adle\u00adri\u00adne we \u00fde\u00ad\u0148i\u00adji\u00adle\u00adri\u00adne \u00f6z\u00adbo\u00adlu\u015f\u00adly t\u00e4\u00adsir et\u00adme\u00adgi\u00adne ga\u00adra\u00ad\u015fyl\u00adsa-da, k\u00f6p \u00fdyl\u00addan b\u00e4\u00adri do\u00adwam edip gel\u00ad\u00fd\u00e4n k\u00f6\u00adne ul\u00adga\u00admy\u0148 \u00fc\u00fdt\u00adge\u00adme\u00adgi\u00adne ba\u00adda-bat t\u00e4\u00adsi\u00adri\u00adni \u00fde\u00adtir\u00admez di\u00fd\u00ad\u00fd\u00e4n\u00adle\u00adrem az d\u00e4l. M\u00e4\u00adlim bol\u00ad\u015fy \u00fda\u00adly, Os\u00adkar\u00adda \u00fde\u00ad\u0148i\u00adji bol\u00ad\u00fdan film\u00adler\u00adde, ar\u00adtist\u00addir re\u00ad\u017eiss\u00ad\u00fdor\u00adla\u00adry\u0148 ara\u00adsyn\u00adda k\u00f6p d\u00fcr\u00adl\u00fc\u00adli\u00adgi\u0148 az\u00addy\u00adgy k\u00e4n wagt\u00addan b\u00e4\u00adri bel\u00adle\u00adni\u00adlip gel\u00adin\u00fd\u00e4r.<\/p>\n","protected":false},"excerpt":{"rendered":"<p>Os\u00adkar ba\u00fd\u00adrak\u00adla\u00adry\u00adny\u0148 gu\u00adra\u00adma\u00ad\u00e7y\u00adsy Ame\u00adri\u00adkan ki\u00adno sun\u00adga\u00adty we bi\u00adlim\u00adle\u00adri aka\u00adde\u00admi\u00ad\u00fda\u00adsy (AM\u00adPAS) t\u00e4\u00adze ag\u00adza\u00adla\u00adry\u00adny m\u00e4\u00adlim et\u00addi. Bu \u00fdyl t\u00e4\u00adze go\u00ad\u015fu\u00adlan ag\u00adza\u00adla\u00adry\u0148 sa\u00adny je\u00admi 928 bo\u00adlup, olar 59 \u00fdurt\u00addan ki\u00adno sun\u00adga\u00adty\u00adna de\u00adgi\u015f\u00adli d\u00fcr\u00adli k\u00e4r\u00add\u00e4\u00adki \u015fah\u00adsy\u00ad\u00fdet\u00adler\u00addir. Os\u00adka\u00adry\u0148 da\u00adla\u015f\u00adg\u00e4r\u00adle\u00adri\u00adne ses ber\u00adjek \u015fol ag\u00adza\u00adla\u00adry\u0148 49 g\u00f6\u00adte\u00adri\u00admi ze\u00adnan\u00adlar\u00addan yba\u00adrat\u00addyr. Aka\u00adde\u00admi\u00ad\u00fda ag\u00adza sa\u00fd\u00adla\u00adnan\u00adla\u00adry\u0148 ara\u00adsyn\u00adda Emi\u00adli\u00ad\u00fda Klark, \u201cHar\u00adry Pot\u00adte\u00adri\u0148\u201d aw\u00adto\u00adry J.K. Row\u00adling, Tif\u00adfa\u00adni Had\u00addi\u015f, [&hellip;]<\/p>\n","protected":false},"author":1,"featured_media":17754,"comment_status":"open","ping_status":"closed","sticky":false,"template":"","format":"standard","meta":{"footnotes":""},"categories":[12],"tags":[],"acf":[],"_links":{"self":[{"href":"https:\/\/zamanturkmenistan.com.tm\/index.php?rest_route=\/wp\/v2\/posts\/17752"}],"collection":[{"href":"https:\/\/zamanturkmenistan.com.tm\/index.php?rest_route=\/wp\/v2\/posts"}],"about":[{"href":"https:\/\/zamanturkmenistan.com.tm\/index.php?rest_route=\/wp\/v2\/types\/post"}],"author":[{"embeddable":true,"href":"https:\/\/zamanturkmenistan.com.tm\/index.php?rest_route=\/wp\/v2\/users\/1"}],"replies":[{"embeddable":true,"href":"https:\/\/zamanturkmenistan.com.tm\/index.php?rest_route=%2Fwp%2Fv2%2Fcomments&post=17752"}],"version-history":[{"count":0,"href":"https:\/\/zamanturkmenistan.com.tm\/index.php?rest_route=\/wp\/v2\/posts\/17752\/revisions"}],"wp:featuredmedia":[{"embeddable":true,"href":"https:\/\/zamanturkmenistan.com.tm\/index.php?rest_route=\/wp\/v2\/media\/17754"}],"wp:attachment":[{"href":"https:\/\/zamanturkmenistan.com.tm\/index.php?rest_route=%2Fwp%2Fv2%2Fmedia&parent=17752"}],"wp:term":[{"taxonomy":"category","embeddable":true,"href":"https:\/\/zamanturkmenistan.com.tm\/index.php?rest_route=%2Fwp%2Fv2%2Fcategories&post=17752"},{"taxonomy":"post_tag","embeddable":true,"href":"https:\/\/zamanturkmenistan.com.tm\/index.php?rest_route=%2Fwp%2Fv2%2Ftags&post=17752"}],"curies":[{"name":"wp","href":"https:\/\/api.w.org\/{rel}","templated":true}]}}