{"id":1780,"date":"2016-06-04T05:30:59","date_gmt":"2016-06-04T05:30:59","guid":{"rendered":"http:\/\/zamanturkmenistan.com\/?p=1780"},"modified":"2016-06-04T05:30:59","modified_gmt":"2016-06-04T05:30:59","slug":"yelim-barada-kabir-gyzykly-zatlar","status":"publish","type":"post","link":"https:\/\/zamanturkmenistan.com.tm\/?p=1780","title":{"rendered":"\u00ddelim barada k\u00e4bir gyzykly zatlar"},"content":{"rendered":"<p>Adam\u00adlar her g\u00fcn di\u00ad\u00fden \u015fol bir ada\u00adty zat\u00adla\u00adry ulan\u00ad\u00fdar\u00adlar. Ola\u00adry\u0148 k\u00e4\u00adbir\u00adle\u00adri\u00adni ulan\u00admak\u00adly\u00adga se\u00adre\u00adsap\u00adly \u00e7e\u00adme\u00adle\u015f\u00ad\u00fd\u00e4r\u00adler, k\u00e4\u00adbir\u00adle\u00adri\u00adni bol\u00adsa bir ge\u00adzek ulan\u00ad\u00fdar\u00adlar-da, zy\u00ad\u0148yp go\u00fd\u00adber\u00ad\u00fd\u00e4r\u00adler. Dur\u00admu\u015f\u00adda ula\u00adnyl\u00ad\u00fdan zat\u00adla\u00adry\u0148 bi\u00adri-de \u00fde\u00adlim\u00addir. Ha\u00adky\u00adkat\u00addan-da, \u00fde\u00adli\u00admi adam\u00adlar ir\u00adki d\u00f6\u00adw\u00fcr\u00adler\u00adden b\u00e4\u00adri ula\u00adnyp gel\u00ad\u00fd\u00e4r\u00adler. \u00dde\u00adlim bi\u00adzi\u0148 era\u00admyz\u00addan 9,5 m\u00fc\u0148 \u00fdyl mun\u00addan ozal neo\u00adlit d\u00f6w\u00adr\u00fcn\u00adden b\u00e4\u00adri bar. Onu\u0148 il\u00adkin\u00adji g\u00f6r\u00adn\u00fc\u015f\u00adle\u00adri ga\u00fd\u00adna\u00addy\u00adlan \u00e7ig\u00admal\u00adlar\u00addan \u00fda\u00adsa\u00adlyp\u00addyr. \u00c7ar\u00adwa\u00adlar we aw\u00ad\u00e7y\u00adlar \u00fde\u00adli\u00admi ga\u00fd\u00adna\u00addy\u00adlan s\u00fc\u0148k\u00adler\u00adden we da\u00admar\u00adlar\u00addan alyp\u00addyr\u00adlar. \u015ee\u00fd\u00adle hem ba\u00adly\u00adgy\u0148 te\u0148\u00ad\u0148e\u00adle\u00adrin\u00adden we \u00f6s\u00fcm\u00adlik\u00adler\u00adden hem \u00fde\u00adlim ta\u00fd\u00ad\u00fdar\u00adla\u00adnyp\u00addyr. \u00dde\u00adlim di\u00ad\u0148e bir be\u00adzeg i\u015f\u00adle\u00adrin\u00adde we ho\u00adja\u00adlyk i\u015f\u00adle\u00adrin\u00adde ula\u00adnyl\u00adman, e\u00fd\u00adsem, gur\u00adlu\u00ad\u015fyk i\u015f\u00adle\u00adrin\u00adde hem ula\u00adny\u00adlyp\u00addyr.<\/p>\n","protected":false},"excerpt":{"rendered":"<p>Adam\u00adlar her g\u00fcn di\u00ad\u00fden \u015fol bir ada\u00adty zat\u00adla\u00adry ulan\u00ad\u00fdar\u00adlar. Ola\u00adry\u0148 k\u00e4\u00adbir\u00adle\u00adri\u00adni ulan\u00admak\u00adly\u00adga se\u00adre\u00adsap\u00adly \u00e7e\u00adme\u00adle\u015f\u00ad\u00fd\u00e4r\u00adler, k\u00e4\u00adbir\u00adle\u00adri\u00adni bol\u00adsa bir ge\u00adzek ulan\u00ad\u00fdar\u00adlar-da, zy\u00ad\u0148yp go\u00fd\u00adber\u00ad\u00fd\u00e4r\u00adler. Dur\u00admu\u015f\u00adda ula\u00adnyl\u00ad\u00fdan zat\u00adla\u00adry\u0148 bi\u00adri-de \u00fde\u00adlim\u00addir. Ha\u00adky\u00adkat\u00addan-da, \u00fde\u00adli\u00admi adam\u00adlar ir\u00adki d\u00f6\u00adw\u00fcr\u00adler\u00adden b\u00e4\u00adri ula\u00adnyp gel\u00ad\u00fd\u00e4r\u00adler. \u00dde\u00adlim bi\u00adzi\u0148 era\u00admyz\u00addan 9,5 m\u00fc\u0148 \u00fdyl mun\u00addan ozal neo\u00adlit d\u00f6w\u00adr\u00fcn\u00adden b\u00e4\u00adri bar. Onu\u0148 il\u00adkin\u00adji g\u00f6r\u00adn\u00fc\u015f\u00adle\u00adri ga\u00fd\u00adna\u00addy\u00adlan \u00e7ig\u00admal\u00adlar\u00addan \u00fda\u00adsa\u00adlyp\u00addyr. \u00c7ar\u00adwa\u00adlar we aw\u00ad\u00e7y\u00adlar [&hellip;]<\/p>\n","protected":false},"author":1,"featured_media":0,"comment_status":"open","ping_status":"closed","sticky":false,"template":"","format":"standard","meta":{"footnotes":""},"categories":[9],"tags":[],"acf":[],"_links":{"self":[{"href":"https:\/\/zamanturkmenistan.com.tm\/index.php?rest_route=\/wp\/v2\/posts\/1780"}],"collection":[{"href":"https:\/\/zamanturkmenistan.com.tm\/index.php?rest_route=\/wp\/v2\/posts"}],"about":[{"href":"https:\/\/zamanturkmenistan.com.tm\/index.php?rest_route=\/wp\/v2\/types\/post"}],"author":[{"embeddable":true,"href":"https:\/\/zamanturkmenistan.com.tm\/index.php?rest_route=\/wp\/v2\/users\/1"}],"replies":[{"embeddable":true,"href":"https:\/\/zamanturkmenistan.com.tm\/index.php?rest_route=%2Fwp%2Fv2%2Fcomments&post=1780"}],"version-history":[{"count":0,"href":"https:\/\/zamanturkmenistan.com.tm\/index.php?rest_route=\/wp\/v2\/posts\/1780\/revisions"}],"wp:attachment":[{"href":"https:\/\/zamanturkmenistan.com.tm\/index.php?rest_route=%2Fwp%2Fv2%2Fmedia&parent=1780"}],"wp:term":[{"taxonomy":"category","embeddable":true,"href":"https:\/\/zamanturkmenistan.com.tm\/index.php?rest_route=%2Fwp%2Fv2%2Fcategories&post=1780"},{"taxonomy":"post_tag","embeddable":true,"href":"https:\/\/zamanturkmenistan.com.tm\/index.php?rest_route=%2Fwp%2Fv2%2Ftags&post=1780"}],"curies":[{"name":"wp","href":"https:\/\/api.w.org\/{rel}","templated":true}]}}