{"id":1798,"date":"2016-06-04T05:44:36","date_gmt":"2016-06-04T05:44:36","guid":{"rendered":"http:\/\/zamanturkmenistan.com\/?p=1798"},"modified":"2016-06-04T05:44:36","modified_gmt":"2016-06-04T05:44:36","slug":"aristotelin-aram-tapan-yeri","status":"publish","type":"post","link":"https:\/\/zamanturkmenistan.com.tm\/?p=1798","title":{"rendered":"Aristoteli\u0148 aram  tapan \u00fderi"},"content":{"rendered":"<p>Grek ar\u00adheo\u00adlo\u00adgy Kons\u00adtan\u00adti\u00adnos Sis\u00adma\u00adni\u00addis \u00f6z\u00fcni\u0148 Sa\u00adlo\u00adni\u00adka\u00adda ge\u00ad\u00e7i\u00adri\u00adlen mas\u00adla\u00adhatyn\u00adda Aris\u00adto\u00adte\u00adli\u0148 \u00e7ak edil\u00ad\u00fd\u00e4n gu\u00adbu\u00adry\u00adny\u0148 ta\u00adpy\u00adlan\u00addy\u00adgy\u00adny ha\u00adbar ber\u00addi. Bu ba\u00adra\u00adda \u201cThe New York Ti\u00admes\u201d ha\u00adbar ber\u00ad\u00fd\u00e4r. Ga\u00addy\u00admy grek fi\u00adlo\u00adso\u00adfy\u00adny\u0148 aram ta\u00adpan \u00fde\u00adri Hal\u00adki\u00addik \u00fda\u00adrym ada\u00adsyn\u00adda\u00adky Sta\u00adgir \u015f\u00e4\u00adhe\u00adrin\u00adde \u00fd\u00fc\u00adze \u00e7y\u00adka\u00adryl\u00addy. Ga\u00addy\u00admy Ma\u00adke\u00addo\u00adni\u00ad\u00fda\u00adny\u0148 bu ga\u00addy\u00admy oba\u00adsy bi\u00adzi\u0148 e\u00fd\u00ad\u00fda\u00admy\u00admy\u00adzy\u0148 VI asy\u00adryny\u0148 or\u00adta\u00adla\u00adryn\u00adda esas\u00adlan\u00addy\u00adry\u00adlyp\u00addyr. Ga\u00addy\u00admy aramg\u00e4h mer\u00admer pol\u00adly g\u00fcm\u00admez g\u00f6r\u00adn\u00fc\u015f\u00adli bi\u00adna\u00addan yba\u00adrat.<br \/>\nBu \u00fder ba\u00adra\u00adda ga\u00addy\u00admy \u00fdaz\u00adgy\u00adlar\u00adda hem \u00fdat\u00adla\u00adnyp ge\u00ad\u00e7il\u00ad\u00fd\u00e4r. \u015ee\u00fd\u00adle hem ar\u00adheo\u00adlog\u00adlar Alek\u00adsandr Ma\u00adke\u00addons\u00adki\u00fd d\u00f6w\u00adr\u00fcn\u00adde zik\u00adge\u00adle\u00adnen 50 sa\u00adny \u015fa\u00ad\u00fdy pu\u00adly we ke\u00adra\u00admi\u00adki \u00f6n\u00fcm\u00adle\u00adri hem \u00fd\u00fc\u00adze \u00e7y\u00adkar\u00addy\u00adlar. Bu \u00fder Aris\u00adto\u00adte\u00adli\u0148 dog\u00adlan \u00fde\u00adri \u2013 Sta\u00adgir\u00adden uzak\u00adda bol\u00adma\u00addyk \u00fder\u00adden 1996-njy \u00fdyl\u00adda \u00fd\u00fc\u00adze \u00e7y\u00adka\u00adry\u00adlyp\u00addy, \u00fd\u00f6\u00adne \u015fol d\u00f6\u00adw\u00fcr\u00adde onu\u0148 fi\u00adlo\u00adso\u00adfa de\u00adgi\u015f\u00adli\u00addi\u00adgi ba\u00adra\u00adda anyk mag\u00adlu\u00admat \u00fdok\u00addy. Aris\u00adto\u00adtel bizi\u0148 e\u00fd\u00fdamymyzdan \u00f6\u0148, 384-nji \u00fdyl\u00adda Sta\u00adgir\u00adde d\u00fcn\u00ad\u00fd\u00e4 inip, \u015fol e\u00fd\u00fdamy\u0148 323-nji \u00fdylyn\u00adda ara\u00addan \u00e7yk\u00ad\u00fdar. Fi\u00adlipp II ony Alek\u00adsandr Ma\u00adke\u00addons\u00adki\u00adni\u0148 ter\u00adbi\u00ad\u00fde\u00ad\u00e7i\u00adsi h\u00f6k\u00adm\u00fcn\u00adde bel\u00adle\u00ad\u00fd\u00e4r. Aris\u00adto\u00adte\u00adli\u0148 eser\u00adle\u00adri \u00ddew\u00adro\u00adpa\u00adny\u0148 or\u00adta asyr\u00adda\u00adky yl\u00admy\u00adna we fi\u00adloso\u00adfi\u00ad\u00fda\u00adsy\u00adna g\u00fc\u00fd\u00e7\u00adli t\u00e4\u00adsi\u00adri\u00adni \u00fde\u00adti\u00adrip\u00addir.<\/p>\n","protected":false},"excerpt":{"rendered":"<p>Grek ar\u00adheo\u00adlo\u00adgy Kons\u00adtan\u00adti\u00adnos Sis\u00adma\u00adni\u00addis \u00f6z\u00fcni\u0148 Sa\u00adlo\u00adni\u00adka\u00adda ge\u00ad\u00e7i\u00adri\u00adlen mas\u00adla\u00adhatyn\u00adda Aris\u00adto\u00adte\u00adli\u0148 \u00e7ak edil\u00ad\u00fd\u00e4n gu\u00adbu\u00adry\u00adny\u0148 ta\u00adpy\u00adlan\u00addy\u00adgy\u00adny ha\u00adbar ber\u00addi. Bu ba\u00adra\u00adda \u201cThe New York Ti\u00admes\u201d ha\u00adbar ber\u00ad\u00fd\u00e4r. Ga\u00addy\u00admy grek fi\u00adlo\u00adso\u00adfy\u00adny\u0148 aram ta\u00adpan \u00fde\u00adri Hal\u00adki\u00addik \u00fda\u00adrym ada\u00adsyn\u00adda\u00adky Sta\u00adgir \u015f\u00e4\u00adhe\u00adrin\u00adde \u00fd\u00fc\u00adze \u00e7y\u00adka\u00adryl\u00addy. Ga\u00addy\u00admy Ma\u00adke\u00addo\u00adni\u00ad\u00fda\u00adny\u0148 bu ga\u00addy\u00admy oba\u00adsy bi\u00adzi\u0148 e\u00fd\u00ad\u00fda\u00admy\u00admy\u00adzy\u0148 VI asy\u00adryny\u0148 or\u00adta\u00adla\u00adryn\u00adda esas\u00adlan\u00addy\u00adry\u00adlyp\u00addyr. Ga\u00addy\u00admy aramg\u00e4h mer\u00admer pol\u00adly g\u00fcm\u00admez g\u00f6r\u00adn\u00fc\u015f\u00adli bi\u00adna\u00addan yba\u00adrat. [&hellip;]<\/p>\n","protected":false},"author":1,"featured_media":0,"comment_status":"open","ping_status":"closed","sticky":false,"template":"","format":"standard","meta":{"footnotes":""},"categories":[11],"tags":[],"acf":[],"_links":{"self":[{"href":"https:\/\/zamanturkmenistan.com.tm\/index.php?rest_route=\/wp\/v2\/posts\/1798"}],"collection":[{"href":"https:\/\/zamanturkmenistan.com.tm\/index.php?rest_route=\/wp\/v2\/posts"}],"about":[{"href":"https:\/\/zamanturkmenistan.com.tm\/index.php?rest_route=\/wp\/v2\/types\/post"}],"author":[{"embeddable":true,"href":"https:\/\/zamanturkmenistan.com.tm\/index.php?rest_route=\/wp\/v2\/users\/1"}],"replies":[{"embeddable":true,"href":"https:\/\/zamanturkmenistan.com.tm\/index.php?rest_route=%2Fwp%2Fv2%2Fcomments&post=1798"}],"version-history":[{"count":0,"href":"https:\/\/zamanturkmenistan.com.tm\/index.php?rest_route=\/wp\/v2\/posts\/1798\/revisions"}],"wp:attachment":[{"href":"https:\/\/zamanturkmenistan.com.tm\/index.php?rest_route=%2Fwp%2Fv2%2Fmedia&parent=1798"}],"wp:term":[{"taxonomy":"category","embeddable":true,"href":"https:\/\/zamanturkmenistan.com.tm\/index.php?rest_route=%2Fwp%2Fv2%2Fcategories&post=1798"},{"taxonomy":"post_tag","embeddable":true,"href":"https:\/\/zamanturkmenistan.com.tm\/index.php?rest_route=%2Fwp%2Fv2%2Ftags&post=1798"}],"curies":[{"name":"wp","href":"https:\/\/api.w.org\/{rel}","templated":true}]}}