{"id":1801,"date":"2016-06-04T05:45:06","date_gmt":"2016-06-04T05:45:06","guid":{"rendered":"http:\/\/zamanturkmenistan.com\/?p=1801"},"modified":"2016-06-04T05:45:06","modified_gmt":"2016-06-04T05:45:06","slug":"jadyly-realizm-zanrynyn-esaslandyryjysy","status":"publish","type":"post","link":"https:\/\/zamanturkmenistan.com.tm\/?p=1801","title":{"rendered":"\u201cJadyly realizm\u201d \u017eanryny\u0148 esaslandyryjysy"},"content":{"rendered":"<p>Mar\u00adkes Gab\u00adri\u00adel Gar\u00adsi\u00ad\u00fda me\u015f\u00adhur ko\u00adlumb \u00fda\u00adzy\u00adjy\u00adsy, \u017eur\u00adna\u00adlis\u00adti, ne\u00ad\u015fir\u00ad\u00fdat\u00ad\u00e7y\u00adsy, sy\u00ad\u00fda\u00adsy i\u015f\u00adg\u00e4\u00adri we 1982-nji \u00fdyl\u00adda No\u00adbe\u00adli\u0148 ede\u00adbi\u00ad\u00fdat bo\u00ad\u00fdun\u00ad\u00e7a ba\u00fd\u00adra\u00adgy\u00adny\u0148 e\u00fde\u00adsi\u00addir. Ol 1928-nji \u00fdy\u00adly\u0148 6-njy mar\u00adtyn\u00adda Ko\u00adlum\u00adbi\u00ad\u00fda\u00adny\u0148 ke\u00adnar\u00ad\u00fda\u00adka \u015f\u00e4\u00adhe\u00adri Ara\u00adka\u00adta\u00adka\u00adda d\u00fcn\u00ad\u00fd\u00e4 in\u00ad\u00fd\u00e4r. Ol ba\u00adba\u00adsyny\u0148 we ma\u00adma\u00adsy\u00adny\u0148 elin\u00adde ula\u00adlyp, bu we\u00adla\u00ad\u00fda\u00adty\u0148 ro\u00adwa\u00ad\u00fdat\u00adla\u00adry, folk\u00adlo\u00adry we halk di\u00adli bi\u00adlen ta\u00adny\u015f bol\u00ad\u00fdar. 1940-njy \u00fdyl\u00adda Kolumbi\u00fdany\u0148 pa\u00fdtagty Bo\u00adgo\u00adta\u00adda\u00adky kol\u00adle\u00ad\u017ee okuwa gir\u00fd\u00e4r. Mar\u00adkes kol\u00adle\u00ad\u017ei \u00fcs\u00adt\u00fcn\u00adlik\u00adli ta\u00admam\u00adlap, ak\u00adlaw\u00e7y\u00adlyk i\u015fi\u00adne ba\u015f\u00adla\u00ad\u00fdar, \u00fd\u00f6\u00adne ba\u00adsym \u017eur\u00adna\u00adlis\u00adti\u00adka\u00adny\u0148 we ede\u00adbi\u00ad\u00fda\u00adty\u0148 ha\u00adty\u00adra\u00adsy\u00adna, bu i\u015fi\u00adni go\u00fd\u00adbol\u00adsun ed\u00ad\u00fd\u00e4r. Ol Ita\u00adli\u00ad\u00fda\u00adda we Fran\u00adsi\u00ad\u00fda\u00adda ha\u00adbar\u00ad\u00e7y bo\u00adlup i\u015f\u00adle\u00ad\u00fd\u00e4r, 1957-nji \u00fdyl\u00adda Ko\u00adlum\u00adbi\u00ad\u00fda do\u00adlan\u00ad\u00fdar, so\u0148\u00adra AB\u015e-da, Is\u00adpa\u00adni\u00ad\u00fda\u00adda, Ku\u00adba\u00adda we Mek\u00adsi\u00adka\u00adda \u00fda\u00ad\u015fa\u00ad\u00fdar.<br \/>\nGar\u00adsi\u00ad\u00fda Mar\u00adke\u00adsi\u0148 \u201c\u00dde\u00adre ga\u00ad\u00e7an \u00fdap\u00adrak\u00adlar\u201d (1955) at\u00adly po\u00adwes\u00adti onu\u0148 d\u00f6\u00adre\u00addi\u00adji\u00adlik uky\u00adby\u00adna \u00fdol a\u00e7\u00ad\u00fdar. Bu ese\u00adri\u0148 yzy\u00ads\u00fc\u00adre ol \u201cPol\u00adkow\u00adni\u00adge hi\u00e7 kim \u00fda\u00adza\u00adnok\u201d (1961), \u201cO\u0148a\u00fd\u00adsyz sa\u00adgat\u201d (1966) we \u201c\u00dd\u00fcz \u00fdyl \u00fdal\u00ad\u0148yz\u00adlyk\u201d (1967) \u00fda\u00adly eser\u00adle\u00adri\u00adni \u00fdaz\u00ad\u00fdar. \u00dda\u00adzy\u00adjy bu eser\u00adler\u00adde \u00f6z\u00fc\u00adni\u0148 \u201cJa\u00addy\u00adly rea\u00adlizm\u201d t\u00e4\u00adri\u00adni sy\u00adnag\u00addan ge\u00ad\u00e7ir\u00ad\u00fd\u00e4r. Onu\u0148 \u201cUly ene\u00adler\u201d (1962) at\u00adly he\u00adka\u00ad\u00fda\u00adlar \u00fdy\u00adgyn\u00addy\u00adsy, \u201cHa\u00adly\u00adpa\u00adny\u0148 g\u00fc\u00fd\u00adzi\u201d (1975), \u201c\u00d6\u0148\u00fcn\u00adden ha\u00adbar ber\u00adlen \u00f6l\u00fcm hro\u00adni\u00adka\u00adsy\u201d (1981), \u201cMer\u00adgi wag\u00adty s\u00f6\u00fd\u00adgi\u201d, \u201cHas\u00adrat\u00adly g\u00fcn\u00adle\u00adri\u00admi\u0148 \u00fdat\u00adla\u00adma\u00adla\u00adry\u201d(2004), \u201c\u00d6z la\u00adbi\u00adrin\u00adtin\u00add\u00e4\u00adki ge\u00adne\u00adral\u201d (1989) \u00fda\u00adly eser\u00adle\u00adri \u00fda\u00adzy\u00adja uly ab\u00adra\u00fd ge\u00adtir\u00ad\u00fd\u00e4r. \u00dda\u00adzy\u00adjy 2014-nji \u00fdy\u00adly\u0148 17-nji ap\u00adre\u00adlin\u00adde 88 \u00fda\u00ad\u015fy\u00adny\u0148 i\u00e7in\u00adde Me\u00adhi\u00adko\u00adda\u00adky \u00f6\u00fd\u00fcn\u00adde ara\u00addan \u00e7yk\u00ad\u00fdar.<br \/>\n23-nji ma\u00fdda \u0425\u0425 asy\u00adry\u0148 be\u00ad\u00fdik \u00fda\u00adzy\u00adjy\u00adsy Gab\u00adri\u00adel Gar\u00adsi\u00ad\u00fda\u00adny 2 \u00fdyl mun\u00addan ozal, aradan \u00e7ykan \u00fde\u00adri Mek\u00adsi\u00adka\u00addaky aram tapan \u00fderinden Ko\u00adlum\u00adbi\u00ad\u00fda\u00adny\u0148 Kar\u00adta\u00adhe\u00adna \u015f\u00e4\u00adhe\u00adri\u00adne g\u00f6\u00e7\u00fcrdiler. D\u00fcn\u00ad\u00fd\u00e4 bel\u00adli eser\u00adle\u00adri\u0148 aw\u00adto\u00adry\u00adny\u0148 \u00fda\u00adsy\u00adna m\u00fc\u0148\u00adler\u00ad\u00e7e adam gat\u00adna\u00ad\u015fyp, ola\u00adry\u0148 ara\u00adsyn\u00adda Ko\u00adlum\u00adbi\u00ad\u00fda\u00adny\u0148 Pre\u00adzi\u00adden\u00adti Hu\u00adan Ma\u00adnu\u00adel San\u00adtos hem bar. \u00dda\u00adzy\u00adjy \u00f6m\u00adr\u00fc\u00adni\u0148 k\u00f6p b\u00f6\u00adle\u00adgi\u00adni Kar\u00adta\u00adhen\u00adde ge\u00ad\u00e7i\u00adrip\u00addi. Mar\u00adkes ba\u015f\u00adlan\u00adgy\u00e7 \u00fda\u00adzy\u00adjy h\u00f6k\u00adm\u00fcn\u00adde 1948-nji \u00fdyl\u00adda bu \u00fde\u00adre ge\u00adlip, \u00fder\u00adli ga\u00adzet\u00adde i\u015fe du\u00adrup\u00addy. Ol \u201cMer\u00adgi wag\u00adty s\u00f6\u00fd\u00adgi\u201d ro\u00adma\u00adnyn\u00adda Ko\u00adlum\u00adbi\u00ad\u00fda\u00adny\u0148 por\u00adtu\u00adny\u0148 ady\u00adny ebe\u00addi\u00adle\u015f\u00addir\u00addi we eser\u00add\u00e4\u00adki wa\u00adka\u00adlar \u015fol \u00fder\u00adde bo\u00adlup ge\u00e7\u00ad\u00fd\u00e4r. Mar\u00adke\u00adsi \u201cJa\u00addy\u00adly rea\u00adlizm\u201d at\u00adly ede\u00adbi aky\u00admy\u0148 esas\u00adlan\u00addy\u00adry\u00adjy\u00adsy h\u00f6k\u00adm\u00fcn\u00adde ta\u00adna\u00ad\u00fdar\u00adlar. Ol \u00f6m\u00adr\u00fc\u00adni\u0148 so\u0148\u00adky g\u00fcn\u00adle\u00adrin\u00adde jem\u00adgy\u00ad\u00fdet\u00ad\u00e7i\u00adlik \u00fder\u00adle\u00adrin\u00adde g\u00f6\u00adr\u00fcn\u00adme\u00adgi\u00adni azal\u00addyp\u00addy we \u00fdal\u00ad\u0148yz\u00adlyk\u00adda \u00fda\u00ad\u015fap\u00addy.<\/p>\n","protected":false},"excerpt":{"rendered":"<p>Mar\u00adkes Gab\u00adri\u00adel Gar\u00adsi\u00ad\u00fda me\u015f\u00adhur ko\u00adlumb \u00fda\u00adzy\u00adjy\u00adsy, \u017eur\u00adna\u00adlis\u00adti, ne\u00ad\u015fir\u00ad\u00fdat\u00ad\u00e7y\u00adsy, sy\u00ad\u00fda\u00adsy i\u015f\u00adg\u00e4\u00adri we 1982-nji \u00fdyl\u00adda No\u00adbe\u00adli\u0148 ede\u00adbi\u00ad\u00fdat bo\u00ad\u00fdun\u00ad\u00e7a ba\u00fd\u00adra\u00adgy\u00adny\u0148 e\u00fde\u00adsi\u00addir. Ol 1928-nji \u00fdy\u00adly\u0148 6-njy mar\u00adtyn\u00adda Ko\u00adlum\u00adbi\u00ad\u00fda\u00adny\u0148 ke\u00adnar\u00ad\u00fda\u00adka \u015f\u00e4\u00adhe\u00adri Ara\u00adka\u00adta\u00adka\u00adda d\u00fcn\u00ad\u00fd\u00e4 in\u00ad\u00fd\u00e4r. Ol ba\u00adba\u00adsyny\u0148 we ma\u00adma\u00adsy\u00adny\u0148 elin\u00adde ula\u00adlyp, bu we\u00adla\u00ad\u00fda\u00adty\u0148 ro\u00adwa\u00ad\u00fdat\u00adla\u00adry, folk\u00adlo\u00adry we halk di\u00adli bi\u00adlen ta\u00adny\u015f bol\u00ad\u00fdar. 1940-njy \u00fdyl\u00adda Kolumbi\u00fdany\u0148 pa\u00fdtagty Bo\u00adgo\u00adta\u00adda\u00adky kol\u00adle\u00ad\u017ee okuwa gir\u00fd\u00e4r. Mar\u00adkes kol\u00adle\u00ad\u017ei [&hellip;]<\/p>\n","protected":false},"author":1,"featured_media":0,"comment_status":"open","ping_status":"closed","sticky":false,"template":"","format":"standard","meta":{"footnotes":""},"categories":[11],"tags":[],"acf":[],"_links":{"self":[{"href":"https:\/\/zamanturkmenistan.com.tm\/index.php?rest_route=\/wp\/v2\/posts\/1801"}],"collection":[{"href":"https:\/\/zamanturkmenistan.com.tm\/index.php?rest_route=\/wp\/v2\/posts"}],"about":[{"href":"https:\/\/zamanturkmenistan.com.tm\/index.php?rest_route=\/wp\/v2\/types\/post"}],"author":[{"embeddable":true,"href":"https:\/\/zamanturkmenistan.com.tm\/index.php?rest_route=\/wp\/v2\/users\/1"}],"replies":[{"embeddable":true,"href":"https:\/\/zamanturkmenistan.com.tm\/index.php?rest_route=%2Fwp%2Fv2%2Fcomments&post=1801"}],"version-history":[{"count":0,"href":"https:\/\/zamanturkmenistan.com.tm\/index.php?rest_route=\/wp\/v2\/posts\/1801\/revisions"}],"wp:attachment":[{"href":"https:\/\/zamanturkmenistan.com.tm\/index.php?rest_route=%2Fwp%2Fv2%2Fmedia&parent=1801"}],"wp:term":[{"taxonomy":"category","embeddable":true,"href":"https:\/\/zamanturkmenistan.com.tm\/index.php?rest_route=%2Fwp%2Fv2%2Fcategories&post=1801"},{"taxonomy":"post_tag","embeddable":true,"href":"https:\/\/zamanturkmenistan.com.tm\/index.php?rest_route=%2Fwp%2Fv2%2Ftags&post=1801"}],"curies":[{"name":"wp","href":"https:\/\/api.w.org\/{rel}","templated":true}]}}