{"id":18321,"date":"2018-10-27T18:35:57","date_gmt":"2018-10-27T13:35:57","guid":{"rendered":"http:\/\/zamanturkmenistan.com\/?p=18321"},"modified":"2018-10-27T18:35:57","modified_gmt":"2018-10-27T13:35:57","slug":"elekt%c2%adron-mek%c2%adde%c2%adbi-yo%c2%adla-goy%c2%aduldy","status":"publish","type":"post","link":"https:\/\/zamanturkmenistan.com.tm\/?p=18321","title":{"rendered":"Elekt\u00adron mek\u00adde\u00adbi \u00fdo\u00adla go\u00fd\u00aduldy"},"content":{"rendered":"<p>Bir\u00adle\u00ad\u015fen Arap Emir\u00adlik\u00adle\u00adri\u00adni\u0148 Wi\u00adse-pre\u00adzi\u00adden\u00adti we Prem\u00ad\u00fder-mi\u00adnist\u00adri, Du\u00adba\u00fd Emir\u00adli\u00adgi\u00adni\u0148 h\u00e4\u00adki\u00admi \u015ee\u00fdh Mu\u00adham\u00admed Bin Ra\u00ad\u015fid Al-Mak\u00adtum arap d\u00fcn\u00ad\u00fd\u00e4\u00adsin\u00adde i\u0148 uly elekt\u00adron oku\u00adwy\u0148 mugt plat\u00adfor\u00adma\u00adsy\u00adny\u0148 \u00fdo\u00adla go\u00fd\u00adlan\u00addy\u00adgy\u00adny m\u00e4\u00adlim et\u00addi. Ol \u201cMu\u00adham\u00admed Bin Ra\u00ad\u015fid Al-Mak\u00adtu\u00admy\u0148 glo\u00adbal ba\u015f\u00adlan\u00adgy\u00adjy\u201d gaz\u00adna\u00adsy\u00adny\u0148 \u00f6z\u00adbo\u00adlu\u015f\u00adly tas\u00adla\u00adma\u00adsy bo\u00adlup, d\u00fcn\u00ad\u00fd\u00e4\u00add\u00e4\u00adki arap okuw\u00ad\u00e7y\u00adla\u00adry\u00adny\u0148 50 mil\u00adli\u00adon\u00addan gow\u00adragyna ene di\u00adlin\u00add\u00e4\u00adki okuw gol\u00adlan\u00adma\u00adla\u00adry\u00adny h\u00f6\u00add\u00fcr\u00adle\u00ad\u00fd\u00e4r. Plat\u00adfor\u00adma \u00e7a\u00adga\u00adlar ba\u00adgy\u00adny\u0148 k\u00f6r\u00adpe\u00adle\u00adrin\u00adden ba\u015f\u00adlap, mek\u00adde\u00adbi\u0148 \u00e4h\u00adli synp okuw\u00ad\u00e7y\u00adla\u00adry\u00adna d\u00fcr\u00adli ders\u00adler bo\u00ad\u00fdun\u00ad\u00e7a 5 m\u00fc\u0148 sa\u00adny bi\u00adlim wi\u00addeo\u00adro\u00adli\u00adgi\u00adni h\u00f6\u00add\u00fcr\u00adle\u00ad\u00fd\u00e4r.<br \/>\n\u015ee\u00fd\u00adle ba\u015f\u00adlan\u00adgy\u00adjy\u0148 \u00fdo\u00adla go\u00fd\u00adlan\u00addy\u00adgy\u00adny m\u00e4\u00adlim eden Mu\u00adham\u00admed Bin Ra\u00ad\u015fid Al-Mak\u00adtum se\u00adbit\u00adde i\u0148 go\u00adwy gel\u00adje\u00adgi gur\u00adma\u00adgy\u0148 mek\u00addep\u00adden ba\u015f\u00adlan\u00ad\u00fdan\u00addy\u00adgy\u00adny, elekt\u00adron sa\u00adpak\u00adla\u00adry\u0148 bol\u00adsa, arap d\u00fcn\u00ad\u00fd\u00e4\u00adsi\u00adni\u0148 d\u00fcr\u00adli \u00fdurt\u00adla\u00adry\u00adny\u0148 bi\u00adlim ul\u00adga\u00admy\u00adny\u0148 ara\u00adsyn\u00adda\u00adky \u00fcz\u00ad\u0148e\u00adli\u00adgi\u00adni \u00fde\u00ad\u0148ip ge\u00e7\u00adjek\u00addi\u00adgi\u00adni bel\u00adl\u00e4p ge\u00e7\u00addi. Her bir arap \u00e7a\u00adga\u00adsy\u00adna \u00fdo\u00adka\u00adry derejede bi\u00adlim ber\u00adm\u00e4\u00adge ta\u00adgal\u00adla edil\u00ad\u00fd\u00e4n\u00addi\u00adgi\u00adni tas\u00adsyk\u00adla\u00ad\u00fdan Du\u00adba\u00fd Emir\u00adli\u00adgi\u00adni\u0148 h\u00e4\u00adki\u00admi, bu teh\u00adno\u00adlo\u00adgi\u00ad\u00fda\u00adny\u0148 mil\u00adli\u00adon\u00adlar\u00ad\u00e7a arap ne\u00adsil\u00adle\u00adri\u00adne yl\u00admy de\u00adre\u00adje\u00adsi\u00adni \u00fdo\u00adkar\u00adlan\u00addyr\u00adma\u00adga t\u00e4\u00adze m\u00fcm\u00adkin\u00ad\u00e7i\u00adlik\u00adle\u00adri a\u00e7\u00ad\u00fdan\u00addy\u00adgy\u00adny m\u00e4\u00adlim et\u00addi.<\/p>\n","protected":false},"excerpt":{"rendered":"<p>Bir\u00adle\u00ad\u015fen Arap Emir\u00adlik\u00adle\u00adri\u00adni\u0148 Wi\u00adse-pre\u00adzi\u00adden\u00adti we Prem\u00ad\u00fder-mi\u00adnist\u00adri, Du\u00adba\u00fd Emir\u00adli\u00adgi\u00adni\u0148 h\u00e4\u00adki\u00admi \u015ee\u00fdh Mu\u00adham\u00admed Bin Ra\u00ad\u015fid Al-Mak\u00adtum arap d\u00fcn\u00ad\u00fd\u00e4\u00adsin\u00adde i\u0148 uly elekt\u00adron oku\u00adwy\u0148 mugt plat\u00adfor\u00adma\u00adsy\u00adny\u0148 \u00fdo\u00adla go\u00fd\u00adlan\u00addy\u00adgy\u00adny m\u00e4\u00adlim et\u00addi. Ol \u201cMu\u00adham\u00admed Bin Ra\u00ad\u015fid Al-Mak\u00adtu\u00admy\u0148 glo\u00adbal ba\u015f\u00adlan\u00adgy\u00adjy\u201d gaz\u00adna\u00adsy\u00adny\u0148 \u00f6z\u00adbo\u00adlu\u015f\u00adly tas\u00adla\u00adma\u00adsy bo\u00adlup, d\u00fcn\u00ad\u00fd\u00e4\u00add\u00e4\u00adki arap okuw\u00ad\u00e7y\u00adla\u00adry\u00adny\u0148 50 mil\u00adli\u00adon\u00addan gow\u00adragyna ene di\u00adlin\u00add\u00e4\u00adki okuw gol\u00adlan\u00adma\u00adla\u00adry\u00adny h\u00f6\u00add\u00fcr\u00adle\u00ad\u00fd\u00e4r. Plat\u00adfor\u00adma \u00e7a\u00adga\u00adlar ba\u00adgy\u00adny\u0148 k\u00f6r\u00adpe\u00adle\u00adrin\u00adden ba\u015f\u00adlap, mek\u00adde\u00adbi\u0148 \u00e4h\u00adli [&hellip;]<\/p>\n","protected":false},"author":1,"featured_media":18322,"comment_status":"open","ping_status":"closed","sticky":false,"template":"","format":"standard","meta":{"footnotes":""},"categories":[5],"tags":[],"acf":[],"_links":{"self":[{"href":"https:\/\/zamanturkmenistan.com.tm\/index.php?rest_route=\/wp\/v2\/posts\/18321"}],"collection":[{"href":"https:\/\/zamanturkmenistan.com.tm\/index.php?rest_route=\/wp\/v2\/posts"}],"about":[{"href":"https:\/\/zamanturkmenistan.com.tm\/index.php?rest_route=\/wp\/v2\/types\/post"}],"author":[{"embeddable":true,"href":"https:\/\/zamanturkmenistan.com.tm\/index.php?rest_route=\/wp\/v2\/users\/1"}],"replies":[{"embeddable":true,"href":"https:\/\/zamanturkmenistan.com.tm\/index.php?rest_route=%2Fwp%2Fv2%2Fcomments&post=18321"}],"version-history":[{"count":0,"href":"https:\/\/zamanturkmenistan.com.tm\/index.php?rest_route=\/wp\/v2\/posts\/18321\/revisions"}],"wp:featuredmedia":[{"embeddable":true,"href":"https:\/\/zamanturkmenistan.com.tm\/index.php?rest_route=\/wp\/v2\/media\/18322"}],"wp:attachment":[{"href":"https:\/\/zamanturkmenistan.com.tm\/index.php?rest_route=%2Fwp%2Fv2%2Fmedia&parent=18321"}],"wp:term":[{"taxonomy":"category","embeddable":true,"href":"https:\/\/zamanturkmenistan.com.tm\/index.php?rest_route=%2Fwp%2Fv2%2Fcategories&post=18321"},{"taxonomy":"post_tag","embeddable":true,"href":"https:\/\/zamanturkmenistan.com.tm\/index.php?rest_route=%2Fwp%2Fv2%2Ftags&post=18321"}],"curies":[{"name":"wp","href":"https:\/\/api.w.org\/{rel}","templated":true}]}}